{"id":9470,"date":"2024-05-08T11:39:20","date_gmt":"2024-05-08T15:39:20","guid":{"rendered":"https:\/\/ccla.org\/?p=9470"},"modified":"2024-05-08T12:12:02","modified_gmt":"2024-05-08T16:12:02","slug":"online-harms-act-bill-c-63-ccla-joins-civil-society-call-to-separate-parts-two-and-three-from-the-bill","status":"publish","type":"post","link":"https:\/\/ccla.org\/fr\/justice-penale\/loi-sur-les-dommages-en-ligne-projet-de-loi-c-63-la-ccla-se-joint-a-lappel-de-la-societe-civile-pour-separer-les-parties-deux-et-trois-du-projet-de-loi\/","title":{"rendered":"Loi sur les pr\u00e9judices en ligne (projet de loi C-63) : l&#039;ACLC se joint \u00e0 l&#039;appel de la soci\u00e9t\u00e9 civile pour s\u00e9parer les parties deux et trois du projet de loi"},"content":{"rendered":"<div id=\"fws_69efe86b70e46\"  data-column-margin=\"default\" data-midnight=\"dark\"  class=\"wpb_row vc_row-fluid vc_row\"  style=\"padding-top: 0px; padding-bottom: 0px; \"><div class=\"row-bg-wrap\" data-bg-animation=\"none\" data-bg-animation-delay=\"\" data-bg-overlay=\"false\"><div class=\"inner-wrap row-bg-layer\" ><div class=\"row-bg viewport-desktop\"  style=\"\"><\/div><\/div><\/div><div class=\"row_col_wrap_12 col span_12 dark left\">\n\t<div  class=\"vc_col-sm-12 wpb_column column_container vc_column_container col no-extra-padding inherit_tablet inherit_phone\"  data-padding-pos=\"all\" data-has-bg-color=\"false\" data-bg-color=\"\" data-bg-opacity=\"1\" data-animation=\"\" data-delay=\"0\" >\n\t\t<div class=\"vc_column-inner\" >\n\t\t\t<div class=\"wpb_wrapper\">\n\t\t\t\t\n\t\t<div id=\"fws_69efe86b71737\"  data-column-margin=\"default\" data-midnight=\"dark\"  class=\"wpb_row vc_row-fluid vc_row full-width-section\"  style=\"padding-top: 0px; padding-bottom: 0px; \"><div class=\"row-bg-wrap\" data-bg-animation=\"none\" data-bg-animation-delay=\"\" data-bg-overlay=\"true\"><div class=\"inner-wrap row-bg-layer\" ><div class=\"row-bg viewport-desktop\"  style=\"\"><\/div><\/div><div class=\"row-bg-overlay row-bg-layer\" style=\"background: rgba(0,0,0,0.3); background: linear-gradient(to bottom,rgba(0,0,0,0.3) 0%,rgba(238,238,238,0.01) 100%);  opacity: 0.5; \"><\/div><\/div><div class=\"row_col_wrap_12 col span_12 dark left\">\n\t<div  class=\"vc_col-sm-12 wpb_column column_container vc_column_container col no-extra-padding inherit_tablet inherit_phone\"  data-padding-pos=\"all\" data-has-bg-color=\"false\" data-bg-color=\"\" data-bg-opacity=\"1\" data-animation=\"\" data-delay=\"0\" >\n\t\t<div class=\"vc_column-inner\" >\n\t\t\t<div class=\"wpb_wrapper\">\n\t\t\t\t<div class=\"divider-wrap\" data-alignment=\"default\"><div style=\"height: 10px;\" class=\"divider\"><\/div><\/div>\n\t\t\t<\/div> \n\t\t<\/div>\n\t<\/div> \n<\/div><\/div>\n\n\t\t\t<\/div> \n\t\t<\/div>\n\t<\/div> \n<\/div><\/div>\n\t\t<div id=\"fws_69efe86b71d48\"  data-column-margin=\"default\" data-midnight=\"dark\" data-top-percent=\"4%\" data-bottom-percent=\"4%\"  class=\"wpb_row vc_row-fluid vc_row full-width-section post-links\"  style=\"padding-top: calc(100vw * 0.04); padding-bottom: calc(100vw * 0.04); \"><div class=\"row-bg-wrap\" data-bg-animation=\"none\" data-bg-animation-delay=\"\" data-bg-overlay=\"false\"><div class=\"inner-wrap row-bg-layer\" ><div class=\"row-bg viewport-desktop\"  style=\"\"><\/div><\/div><\/div><div class=\"row_col_wrap_12 col span_12 dark left\">\n\t<div  class=\"vc_col-sm-12 wpb_column column_container vc_column_container col no-extra-padding inherit_tablet inherit_phone\"  data-padding-pos=\"all\" data-has-bg-color=\"false\" data-bg-color=\"\" data-bg-opacity=\"1\" data-animation=\"\" data-delay=\"0\" >\n\t\t<div class=\"vc_column-inner\" >\n\t\t\t<div class=\"wpb_wrapper\">\n\t\t\t\t\n<div class=\"wpb_text_column wpb_content_element\" >\n\t<div class=\"wpb_wrapper\">\n\t\t<p>Bien que l&#039;ACLC approuve les objectifs d\u00e9clar\u00e9s du projet de loi C-63 consistant \u00e0 garantir la s\u00e9curit\u00e9 publique, \u00e0 prot\u00e9ger les enfants et \u00e0 soutenir les communaut\u00e9s marginalis\u00e9es, nous sommes d&#039;avis que ce projet de loi, dans sa forme actuelle, permet des violations flagrantes de la libert\u00e9 d&#039;expression, de la vie priv\u00e9e, des droits de protestation et de la libert\u00e9. . Cela porte \u00e9galement atteinte aux principes fondamentaux de responsabilit\u00e9 d\u00e9mocratique et d\u2019\u00e9quit\u00e9 proc\u00e9durale en accordant des pouvoirs \u00e9tendus \u00e0 la nouvelle Commission sur la s\u00e9curit\u00e9 num\u00e9rique. Il est crucial que les parlementaires et le public disposent de suffisamment de temps pour rem\u00e9dier correctement aux nombreuses lacunes de ce projet de loi.<\/p>\n<p>Les parties deux et trois du projet de loi soul\u00e8vent des inqui\u00e9tudes concernant les mesures de peine disproportionn\u00e9es, les effets dissuasifs sur la libert\u00e9 d&#039;expression, ainsi que les inefficacit\u00e9s pratiques. C&#039;est pourquoi, le 7 mai 2024, l&#039;ACLC s&#039;est jointe \u00e0 un appel lanc\u00e9 par des organisations de la soci\u00e9t\u00e9 civile, des universitaires et des experts pour demander au gouvernement de s\u00e9parer les parties deux et trois du projet de loi afin qu&#039;elles puissent \u00eatre soumises \u00e0 un examen parlementaire ind\u00e9pendant, et donc \u00e0 un examen minutieux. et une large consultation publique qu&#039;ils m\u00e9ritent.<\/p>\n<p>La lettre commune est <a href=\"https:\/\/openmedia.org\/assets\/C-63_OpenLetter.pdf\">ici<\/a>.<\/p>\n<p>Le communiqu\u00e9 de presse commun est <a href=\"https:\/\/openmedia.org\/press\/item\/joint-letter-urges-justice-minister-to-split-bill-c-63\">ici<\/a>.<\/p>\n\t<\/div>\n<\/div>\n\n\n\n\n\t\t\t<\/div> \n\t\t<\/div>\n\t<\/div> \n<\/div><\/div>\n\t\t<div id=\"fws_69efe86b72334\"  data-column-margin=\"default\" data-midnight=\"dark\"  class=\"wpb_row vc_row-fluid vc_row\"  style=\"padding-top: 0px; padding-bottom: 0px; \"><div class=\"row-bg-wrap\" data-bg-animation=\"none\" data-bg-animation-delay=\"\" data-bg-overlay=\"false\"><div class=\"inner-wrap row-bg-layer\" ><div class=\"row-bg viewport-desktop\"  style=\"\"><\/div><\/div><\/div><div class=\"row_col_wrap_12 col span_12 dark left\">\n\t<div  class=\"vc_col-sm-12 wpb_column column_container vc_column_container col no-extra-padding inherit_tablet inherit_phone\"  data-padding-pos=\"all\" data-has-bg-color=\"false\" data-bg-color=\"\" data-bg-opacity=\"1\" data-animation=\"\" data-delay=\"0\" >\n\t\t<div class=\"vc_column-inner\" >\n\t\t\t<div class=\"wpb_wrapper\">\n\t\t\t\t\n\t\t<div id=\"fws_69efe86b728bb\"  data-column-margin=\"default\" data-midnight=\"dark\" data-top-percent=\"1%\" data-bottom-percent=\"1%\"  class=\"wpb_row vc_row-fluid vc_row\"  style=\"padding-top: calc(100vw * 0.01); padding-bottom: calc(100vw * 0.01); \"><div class=\"row-bg-wrap\" data-bg-animation=\"none\" data-bg-animation-delay=\"\" data-bg-overlay=\"false\"><div class=\"inner-wrap row-bg-layer\" ><div class=\"row-bg viewport-desktop\"  style=\"\"><\/div><\/div><\/div><div class=\"row_col_wrap_12 col span_12 dark left\">\n\t<div  class=\"vc_col-sm-12 wpb_column column_container vc_column_container col no-extra-padding inherit_tablet inherit_phone\"  data-padding-pos=\"all\" data-has-bg-color=\"false\" data-bg-color=\"\" data-bg-opacity=\"1\" data-animation=\"\" data-delay=\"0\" >\n\t\t<div class=\"vc_column-inner\" >\n\t\t\t<div class=\"wpb_wrapper\">\n\t\t\t\t<h3 style=\"color: #ef770e;text-align: left\" class=\"vc_custom_heading vc_do_custom_heading\" >\u00c0 propos de l\u2019association canadienne sur les libert\u00e9s civiles<\/h3>\n<div class=\"wpb_text_column wpb_content_element\" >\n\t<div class=\"wpb_wrapper\">\n\t\t<p class=\"translation-block\">L\u2019ACLC est un organisme ind\u00e9pendant \u00e0 but non lucratif qui compte des sympathisant.e.s dans tout le pays. Fond\u00e9 en 1964, c\u2019est un organisme qui \u0153uvre \u00e0 l\u2019\u00e9chelle du Canada \u00e0 la protection des droits et des libert\u00e9s civiles de toute sa population.<\/p>\n\t<\/div>\n<\/div>\n\n\n\n<h3 style=\"color: #ef770e;text-align: left\" class=\"vc_custom_heading vc_do_custom_heading\" >Pour les m\u00e9dias<\/h3>\n<div class=\"wpb_text_column wpb_content_element\" >\n\t<div class=\"wpb_wrapper\">\n\t\t<p>Pour d&#039;autres commentaires, veuillez nous contacter \u00e0\u00a0<a href=\"mailto:media@ccla.org\"><u>media@ccla.org<\/u><\/a>.<\/p>\n\t<\/div>\n<\/div>\n\n\n\n<h3 style=\"color: #ef770e;text-align: left\" class=\"vc_custom_heading vc_do_custom_heading\" >Pour les mises \u00e0 jour en direct<\/h3>\n<div class=\"wpb_text_column wpb_content_element\" >\n\t<div class=\"wpb_wrapper\">\n\t\t<p>Veuillez continuer \u00e0 vous r\u00e9f\u00e9rer \u00e0\u00a0<a href=\"https:\/\/ccla.org\/fr\/the-latest\/\" rel=\"noopener\">cette page<\/a>\u00a0et \u00e0 nos plateformes de m\u00e9dias sociaux. On est dessus\u00a0<a href=\"https:\/\/www.instagram.com\/cancivlib\/?hl=en\" target=\"_blank\" rel=\"noopener\"><u>Instagram<\/u><\/a>,\u00a0<a href=\"http:\/\/facebook.com\/cancivlib\/\" target=\"_blank\" rel=\"noopener\"><u>Facebook<\/u><\/a>, <a href=\"https:\/\/twitter.com\/cancivlib\" target=\"_blank\" rel=\"noopener\"><u>Twitter<\/u><\/a> et <a href=\"https:\/\/bsky.app\/profile\/cancivlib.bsky.social\" target=\"_blank\" rel=\"noopener\"><u>Ciel bleu<\/u><\/a>.<\/p>\n\t<\/div>\n<\/div>\n\n\n\n\n\t\t\t<\/div> \n\t\t<\/div>\n\t<\/div> \n<\/div><\/div>\n\n\t\t\t<\/div> \n\t\t<\/div>\n\t<\/div> \n<\/div><\/div>\n\t\t<div id=\"fws_69efe86b7317b\"  data-column-margin=\"default\" data-midnight=\"dark\"  class=\"wpb_row vc_row-fluid vc_row\"  style=\"padding-top: 0px; padding-bottom: 0px; \"><div class=\"row-bg-wrap\" data-bg-animation=\"none\" data-bg-animation-delay=\"\" data-bg-overlay=\"false\"><div class=\"inner-wrap row-bg-layer\" ><div class=\"row-bg viewport-desktop\"  style=\"\"><\/div><\/div><\/div><div class=\"row_col_wrap_12 col span_12 dark left\">\n\t<div  class=\"vc_col-sm-12 wpb_column column_container vc_column_container col no-extra-padding inherit_tablet inherit_phone\"  data-padding-pos=\"all\" data-has-bg-color=\"false\" data-bg-color=\"\" data-bg-opacity=\"1\" data-animation=\"\" data-delay=\"0\" >\n\t\t<div class=\"vc_column-inner\" >\n\t\t\t<div class=\"wpb_wrapper\">\n\t\t\t\t\n<div class=\"wpb_text_column wpb_content_element\" >\n\t<div class=\"wpb_wrapper\">\n\t\t\t<\/div>\n<\/div>\n\n\n\n\n\t\t\t<\/div> \n\t\t<\/div>\n\t<\/div> \n<\/div><\/div>","protected":false},"excerpt":{"rendered":"<p>Le 7 mai 2024, l&#039;ACLC s&#039;est jointe \u00e0 un appel lanc\u00e9 par des organisations de la soci\u00e9t\u00e9 civile, des universitaires et des experts pour demander au gouvernement de s\u00e9parer les parties deux et trois du projet de loi afin qu&#039;elles puissent \u00eatre soumises \u00e0 un examen parlementaire ind\u00e9pendant.<\/p>","protected":false},"author":25,"featured_media":4652,"comment_status":"closed","ping_status":"closed","sticky":false,"template":"","format":"standard","meta":{"footnotes":""},"categories":[39,127,74,31],"tags":[],"class_list":{"0":"post-9470","1":"post","2":"type-post","3":"status-publish","4":"format-standard","5":"has-post-thumbnail","7":"category-criminal-justice","8":"category-cruel-unusual-punishment","9":"category-freedoms-expression","10":"category-fundamental-freedoms"},"yoast_head":"<!-- This site is optimized with the Yoast SEO plugin v24.7 - https:\/\/yoast.com\/wordpress\/plugins\/seo\/ -->\n<title>Online Harms Act (Bill C-63): CCLA Joins Civil Society Call to Separate Parts Two and Three from the Bill - CCLA<\/title>\n<meta name=\"robots\" content=\"index, follow, max-snippet:-1, max-image-preview:large, max-video-preview:-1\" \/>\n<link rel=\"canonical\" href=\"https:\/\/ccla.org\/fr\/justice-penale\/loi-sur-les-dommages-en-ligne-projet-de-loi-c-63-la-ccla-se-joint-a-lappel-de-la-societe-civile-pour-separer-les-parties-deux-et-trois-du-projet-de-loi\/\" \/>\n<meta property=\"og:locale\" content=\"fr_CA\" \/>\n<meta property=\"og:type\" content=\"article\" \/>\n<meta property=\"og:title\" content=\"Online Harms Act (Bill C-63): CCLA Joins Civil Society Call to Separate Parts Two and Three from the Bill - CCLA\" \/>\n<meta property=\"og:description\" content=\"On May 7, 2024, CCLA joined a call by civil society organizations, academics and experts to ask the government to separate Parts Two and Three of the Bill so that they may be subject to independent parliamentary consideration.\" \/>\n<meta property=\"og:url\" content=\"https:\/\/ccla.org\/fr\/justice-penale\/loi-sur-les-dommages-en-ligne-projet-de-loi-c-63-la-ccla-se-joint-a-lappel-de-la-societe-civile-pour-separer-les-parties-deux-et-trois-du-projet-de-loi\/\" \/>\n<meta property=\"og:site_name\" content=\"CCLA\" \/>\n<meta property=\"article:published_time\" content=\"2024-05-08T15:39:20+00:00\" \/>\n<meta property=\"article:modified_time\" content=\"2024-05-08T16:12:02+00:00\" \/>\n<meta property=\"og:image\" content=\"https:\/\/ccla.org\/wp-content\/uploads\/2021\/07\/SS_security-on-mobile-phone-K3PCKG3.jpg\" \/>\n\t<meta property=\"og:image:width\" content=\"2000\" \/>\n\t<meta property=\"og:image:height\" content=\"800\" \/>\n\t<meta property=\"og:image:type\" content=\"image\/jpeg\" \/>\n<meta name=\"author\" content=\"Ana\u00efs Bussi\u00e8res McNicoll\" \/>\n<meta name=\"twitter:card\" content=\"summary_large_image\" \/>\n<meta name=\"twitter:label1\" content=\"\u00c9crit par\" \/>\n\t<meta name=\"twitter:data1\" content=\"Ana\u00efs Bussi\u00e8res McNicoll\" \/>\n\t<meta name=\"twitter:label2\" content=\"Estimation du temps de lecture\" \/>\n\t<meta name=\"twitter:data2\" content=\"2 minutes\" \/>\n<script type=\"application\/ld+json\" class=\"yoast-schema-graph\">{\"@context\":\"https:\/\/schema.org\",\"@graph\":[{\"@type\":\"WebPage\",\"@id\":\"https:\/\/ccla.org\/criminal-justice\/online-harms-act-bill-c-63-ccla-joins-civil-society-call-to-separate-parts-two-and-three-from-the-bill\/\",\"url\":\"https:\/\/ccla.org\/criminal-justice\/online-harms-act-bill-c-63-ccla-joins-civil-society-call-to-separate-parts-two-and-three-from-the-bill\/\",\"name\":\"Online Harms Act (Bill C-63): CCLA Joins Civil Society Call to Separate Parts Two and Three from the Bill - CCLA\",\"isPartOf\":{\"@id\":\"https:\/\/ccla.org\/#website\"},\"primaryImageOfPage\":{\"@id\":\"https:\/\/ccla.org\/criminal-justice\/online-harms-act-bill-c-63-ccla-joins-civil-society-call-to-separate-parts-two-and-three-from-the-bill\/#primaryimage\"},\"image\":{\"@id\":\"https:\/\/ccla.org\/criminal-justice\/online-harms-act-bill-c-63-ccla-joins-civil-society-call-to-separate-parts-two-and-three-from-the-bill\/#primaryimage\"},\"thumbnailUrl\":\"https:\/\/ccla.org\/wp-content\/uploads\/2021\/07\/SS_security-on-mobile-phone-K3PCKG3.jpg\",\"datePublished\":\"2024-05-08T15:39:20+00:00\",\"dateModified\":\"2024-05-08T16:12:02+00:00\",\"author\":{\"@id\":\"https:\/\/ccla.org\/#\/schema\/person\/b9c667f8c5a20d41995d5d373dba5b92\"},\"breadcrumb\":{\"@id\":\"https:\/\/ccla.org\/criminal-justice\/online-harms-act-bill-c-63-ccla-joins-civil-society-call-to-separate-parts-two-and-three-from-the-bill\/#breadcrumb\"},\"inLanguage\":\"fr-CA\",\"potentialAction\":[{\"@type\":\"ReadAction\",\"target\":[\"https:\/\/ccla.org\/criminal-justice\/online-harms-act-bill-c-63-ccla-joins-civil-society-call-to-separate-parts-two-and-three-from-the-bill\/\"]}]},{\"@type\":\"ImageObject\",\"inLanguage\":\"fr-CA\",\"@id\":\"https:\/\/ccla.org\/criminal-justice\/online-harms-act-bill-c-63-ccla-joins-civil-society-call-to-separate-parts-two-and-three-from-the-bill\/#primaryimage\",\"url\":\"https:\/\/ccla.org\/wp-content\/uploads\/2021\/07\/SS_security-on-mobile-phone-K3PCKG3.jpg\",\"contentUrl\":\"https:\/\/ccla.org\/wp-content\/uploads\/2021\/07\/SS_security-on-mobile-phone-K3PCKG3.jpg\",\"width\":2000,\"height\":800},{\"@type\":\"BreadcrumbList\",\"@id\":\"https:\/\/ccla.org\/criminal-justice\/online-harms-act-bill-c-63-ccla-joins-civil-society-call-to-separate-parts-two-and-three-from-the-bill\/#breadcrumb\",\"itemListElement\":[{\"@type\":\"ListItem\",\"position\":1,\"name\":\"Home\",\"item\":\"https:\/\/ccla.org\/\"},{\"@type\":\"ListItem\",\"position\":2,\"name\":\"CRIMINAL JUSTICE\",\"item\":\"https:\/\/ccla.org\/category\/criminal-justice\/\"},{\"@type\":\"ListItem\",\"position\":3,\"name\":\"Online Harms Act (Bill C-63): CCLA Joins Civil Society Call to Separate Parts Two and Three from the Bill\"}]},{\"@type\":\"WebSite\",\"@id\":\"https:\/\/ccla.org\/#website\",\"url\":\"https:\/\/ccla.org\/\",\"name\":\"CCLA\",\"description\":\"\",\"potentialAction\":[{\"@type\":\"SearchAction\",\"target\":{\"@type\":\"EntryPoint\",\"urlTemplate\":\"https:\/\/ccla.org\/?s={search_term_string}\"},\"query-input\":{\"@type\":\"PropertyValueSpecification\",\"valueRequired\":true,\"valueName\":\"search_term_string\"}}],\"inLanguage\":\"fr-CA\"},{\"@type\":\"Person\",\"@id\":\"https:\/\/ccla.org\/#\/schema\/person\/b9c667f8c5a20d41995d5d373dba5b92\",\"name\":\"Ana\u00efs Bussi\u00e8res McNicoll\",\"image\":{\"@type\":\"ImageObject\",\"inLanguage\":\"fr-CA\",\"@id\":\"https:\/\/ccla.org\/#\/schema\/person\/image\/\",\"url\":\"https:\/\/secure.gravatar.com\/avatar\/00e00b6ddcca3bf43ced4e9a7795e372?s=96&d=blank&r=g\",\"contentUrl\":\"https:\/\/secure.gravatar.com\/avatar\/00e00b6ddcca3bf43ced4e9a7795e372?s=96&d=blank&r=g\",\"caption\":\"Ana\u00efs Bussi\u00e8res McNicoll\"},\"url\":\"https:\/\/ccla.org\/fr\/author\/anais\/\"}]}<\/script>\n<!-- \/ Yoast SEO plugin. -->","yoast_head_json":{"title":"Online Harms Act (Bill C-63): CCLA Joins Civil Society Call to Separate Parts Two and Three from the Bill - CCLA","robots":{"index":"index","follow":"follow","max-snippet":"max-snippet:-1","max-image-preview":"max-image-preview:large","max-video-preview":"max-video-preview:-1"},"canonical":"https:\/\/ccla.org\/fr\/justice-penale\/loi-sur-les-dommages-en-ligne-projet-de-loi-c-63-la-ccla-se-joint-a-lappel-de-la-societe-civile-pour-separer-les-parties-deux-et-trois-du-projet-de-loi\/","og_locale":"fr_CA","og_type":"article","og_title":"Online Harms Act (Bill C-63): CCLA Joins Civil Society Call to Separate Parts Two and Three from the Bill - CCLA","og_description":"On May 7, 2024, CCLA joined a call by civil society organizations, academics and experts to ask the government to separate Parts Two and Three of the Bill so that they may be subject to independent parliamentary consideration.","og_url":"https:\/\/ccla.org\/fr\/justice-penale\/loi-sur-les-dommages-en-ligne-projet-de-loi-c-63-la-ccla-se-joint-a-lappel-de-la-societe-civile-pour-separer-les-parties-deux-et-trois-du-projet-de-loi\/","og_site_name":"CCLA","article_published_time":"2024-05-08T15:39:20+00:00","article_modified_time":"2024-05-08T16:12:02+00:00","og_image":[{"width":2000,"height":800,"url":"https:\/\/ccla.org\/wp-content\/uploads\/2021\/07\/SS_security-on-mobile-phone-K3PCKG3.jpg","type":"image\/jpeg"}],"author":"Ana\u00efs Bussi\u00e8res McNicoll","twitter_card":"summary_large_image","twitter_misc":{"\u00c9crit par":"Ana\u00efs Bussi\u00e8res McNicoll","Estimation du temps de lecture":"2 minutes"},"schema":{"@context":"https:\/\/schema.org","@graph":[{"@type":"WebPage","@id":"https:\/\/ccla.org\/criminal-justice\/online-harms-act-bill-c-63-ccla-joins-civil-society-call-to-separate-parts-two-and-three-from-the-bill\/","url":"https:\/\/ccla.org\/criminal-justice\/online-harms-act-bill-c-63-ccla-joins-civil-society-call-to-separate-parts-two-and-three-from-the-bill\/","name":"Online Harms Act (Bill C-63): CCLA Joins Civil Society Call to Separate Parts Two and Three from the Bill - CCLA","isPartOf":{"@id":"https:\/\/ccla.org\/#website"},"primaryImageOfPage":{"@id":"https:\/\/ccla.org\/criminal-justice\/online-harms-act-bill-c-63-ccla-joins-civil-society-call-to-separate-parts-two-and-three-from-the-bill\/#primaryimage"},"image":{"@id":"https:\/\/ccla.org\/criminal-justice\/online-harms-act-bill-c-63-ccla-joins-civil-society-call-to-separate-parts-two-and-three-from-the-bill\/#primaryimage"},"thumbnailUrl":"https:\/\/ccla.org\/wp-content\/uploads\/2021\/07\/SS_security-on-mobile-phone-K3PCKG3.jpg","datePublished":"2024-05-08T15:39:20+00:00","dateModified":"2024-05-08T16:12:02+00:00","author":{"@id":"https:\/\/ccla.org\/#\/schema\/person\/b9c667f8c5a20d41995d5d373dba5b92"},"breadcrumb":{"@id":"https:\/\/ccla.org\/criminal-justice\/online-harms-act-bill-c-63-ccla-joins-civil-society-call-to-separate-parts-two-and-three-from-the-bill\/#breadcrumb"},"inLanguage":"fr-CA","potentialAction":[{"@type":"ReadAction","target":["https:\/\/ccla.org\/criminal-justice\/online-harms-act-bill-c-63-ccla-joins-civil-society-call-to-separate-parts-two-and-three-from-the-bill\/"]}]},{"@type":"ImageObject","inLanguage":"fr-CA","@id":"https:\/\/ccla.org\/criminal-justice\/online-harms-act-bill-c-63-ccla-joins-civil-society-call-to-separate-parts-two-and-three-from-the-bill\/#primaryimage","url":"https:\/\/ccla.org\/wp-content\/uploads\/2021\/07\/SS_security-on-mobile-phone-K3PCKG3.jpg","contentUrl":"https:\/\/ccla.org\/wp-content\/uploads\/2021\/07\/SS_security-on-mobile-phone-K3PCKG3.jpg","width":2000,"height":800},{"@type":"BreadcrumbList","@id":"https:\/\/ccla.org\/criminal-justice\/online-harms-act-bill-c-63-ccla-joins-civil-society-call-to-separate-parts-two-and-three-from-the-bill\/#breadcrumb","itemListElement":[{"@type":"ListItem","position":1,"name":"Home","item":"https:\/\/ccla.org\/"},{"@type":"ListItem","position":2,"name":"CRIMINAL JUSTICE","item":"https:\/\/ccla.org\/category\/criminal-justice\/"},{"@type":"ListItem","position":3,"name":"Online Harms Act (Bill C-63): CCLA Joins Civil Society Call to Separate Parts Two and Three from the Bill"}]},{"@type":"WebSite","@id":"https:\/\/ccla.org\/#website","url":"https:\/\/ccla.org\/","name":"CCLA","description":"","potentialAction":[{"@type":"SearchAction","target":{"@type":"EntryPoint","urlTemplate":"https:\/\/ccla.org\/?s={search_term_string}"},"query-input":{"@type":"PropertyValueSpecification","valueRequired":true,"valueName":"search_term_string"}}],"inLanguage":"fr-CA"},{"@type":"Person","@id":"https:\/\/ccla.org\/#\/schema\/person\/b9c667f8c5a20d41995d5d373dba5b92","name":"Ana\u00efs Bussi\u00e8res McNicoll","image":{"@type":"ImageObject","inLanguage":"fr-CA","@id":"https:\/\/ccla.org\/#\/schema\/person\/image\/","url":"https:\/\/secure.gravatar.com\/avatar\/00e00b6ddcca3bf43ced4e9a7795e372?s=96&d=blank&r=g","contentUrl":"https:\/\/secure.gravatar.com\/avatar\/00e00b6ddcca3bf43ced4e9a7795e372?s=96&d=blank&r=g","caption":"Ana\u00efs Bussi\u00e8res McNicoll"},"url":"https:\/\/ccla.org\/fr\/author\/anais\/"}]}},"_links":{"self":[{"href":"https:\/\/ccla.org\/fr\/wp-json\/wp\/v2\/posts\/9470","targetHints":{"allow":["GET"]}}],"collection":[{"href":"https:\/\/ccla.org\/fr\/wp-json\/wp\/v2\/posts"}],"about":[{"href":"https:\/\/ccla.org\/fr\/wp-json\/wp\/v2\/types\/post"}],"author":[{"embeddable":true,"href":"https:\/\/ccla.org\/fr\/wp-json\/wp\/v2\/users\/25"}],"replies":[{"embeddable":true,"href":"https:\/\/ccla.org\/fr\/wp-json\/wp\/v2\/comments?post=9470"}],"version-history":[{"count":3,"href":"https:\/\/ccla.org\/fr\/wp-json\/wp\/v2\/posts\/9470\/revisions"}],"predecessor-version":[{"id":9473,"href":"https:\/\/ccla.org\/fr\/wp-json\/wp\/v2\/posts\/9470\/revisions\/9473"}],"wp:featuredmedia":[{"embeddable":true,"href":"https:\/\/ccla.org\/fr\/wp-json\/wp\/v2\/media\/4652"}],"wp:attachment":[{"href":"https:\/\/ccla.org\/fr\/wp-json\/wp\/v2\/media?parent=9470"}],"wp:term":[{"taxonomy":"category","embeddable":true,"href":"https:\/\/ccla.org\/fr\/wp-json\/wp\/v2\/categories?post=9470"},{"taxonomy":"post_tag","embeddable":true,"href":"https:\/\/ccla.org\/fr\/wp-json\/wp\/v2\/tags?post=9470"}],"curies":[{"name":"wp","href":"https:\/\/api.w.org\/{rel}","templated":true}]}}