{"id":9440,"date":"2024-04-30T12:52:34","date_gmt":"2024-04-30T16:52:34","guid":{"rendered":"https:\/\/ccla.org\/?p=9440"},"modified":"2024-11-22T11:19:48","modified_gmt":"2024-11-22T16:19:48","slug":"leave-to-appeal-filed-at-the-supreme-court-of-canada-on-bill-21-case","status":"publish","type":"post","link":"https:\/\/ccla.org\/fr\/communique-de-presse\/demande-dautorisation-de-pourvoi-deposee-aupres-de-la-cour-supreme-du-canada-dans-laffaire-bill-21\/","title":{"rendered":"D\u00e9p\u00f4t d\u2019une autorisation d\u2019appel \u00e0 la Cour supr\u00eame du Canada dans l\u2019affaire de la loi 21"},"content":{"rendered":"<div id=\"fws_69ee40a5d0a32\"  data-column-margin=\"default\" data-midnight=\"dark\"  class=\"wpb_row vc_row-fluid vc_row\"  style=\"padding-top: 0px; padding-bottom: 0px; \"><div class=\"row-bg-wrap\" data-bg-animation=\"none\" data-bg-animation-delay=\"\" data-bg-overlay=\"false\"><div class=\"inner-wrap row-bg-layer\" ><div class=\"row-bg viewport-desktop\"  style=\"\"><\/div><\/div><\/div><div class=\"row_col_wrap_12 col span_12 dark left\">\n\t<div  class=\"vc_col-sm-12 wpb_column column_container vc_column_container col no-extra-padding inherit_tablet inherit_phone\"  data-padding-pos=\"all\" data-has-bg-color=\"false\" data-bg-color=\"\" data-bg-opacity=\"1\" data-animation=\"\" data-delay=\"0\" >\n\t\t<div class=\"vc_column-inner\" >\n\t\t\t<div class=\"wpb_wrapper\">\n\t\t\t\t\n\t\t<div id=\"fws_69ee40a5d0e78\"  data-column-margin=\"default\" data-midnight=\"dark\"  class=\"wpb_row vc_row-fluid vc_row full-width-section\"  style=\"padding-top: 0px; padding-bottom: 0px; \"><div class=\"row-bg-wrap\" data-bg-animation=\"none\" data-bg-animation-delay=\"\" data-bg-overlay=\"true\"><div class=\"inner-wrap row-bg-layer\" ><div class=\"row-bg viewport-desktop\"  style=\"\"><\/div><\/div><div class=\"row-bg-overlay row-bg-layer\" style=\"background: rgba(0,0,0,0.3); background: linear-gradient(to bottom,rgba(0,0,0,0.3) 0%,rgba(238,238,238,0.01) 100%);  opacity: 0.5; \"><\/div><\/div><div class=\"row_col_wrap_12 col span_12 dark left\">\n\t<div  class=\"vc_col-sm-12 wpb_column column_container vc_column_container col no-extra-padding inherit_tablet inherit_phone\"  data-padding-pos=\"all\" data-has-bg-color=\"false\" data-bg-color=\"\" data-bg-opacity=\"1\" data-animation=\"\" data-delay=\"0\" >\n\t\t<div class=\"vc_column-inner\" >\n\t\t\t<div class=\"wpb_wrapper\">\n\t\t\t\t<div class=\"divider-wrap\" data-alignment=\"default\"><div style=\"height: 10px;\" class=\"divider\"><\/div><\/div>\n\t\t\t<\/div> \n\t\t<\/div>\n\t<\/div> \n<\/div><\/div>\n\n\t\t\t<\/div> \n\t\t<\/div>\n\t<\/div> \n<\/div><\/div>\n\t\t<div id=\"fws_69ee40a5d122f\"  data-column-margin=\"default\" data-midnight=\"dark\" data-top-percent=\"4%\" data-bottom-percent=\"4%\"  class=\"wpb_row vc_row-fluid vc_row full-width-section post-links\"  style=\"padding-top: calc(100vw * 0.04); padding-bottom: calc(100vw * 0.04); \"><div class=\"row-bg-wrap\" data-bg-animation=\"none\" data-bg-animation-delay=\"\" data-bg-overlay=\"false\"><div class=\"inner-wrap row-bg-layer\" ><div class=\"row-bg viewport-desktop\"  style=\"\"><\/div><\/div><\/div><div class=\"row_col_wrap_12 col span_12 dark left\">\n\t<div  class=\"vc_col-sm-12 wpb_column column_container vc_column_container col no-extra-padding inherit_tablet inherit_phone\"  data-padding-pos=\"all\" data-has-bg-color=\"false\" data-bg-color=\"\" data-bg-opacity=\"1\" data-animation=\"\" data-delay=\"0\" >\n\t\t<div class=\"vc_column-inner\" >\n\t\t\t<div class=\"wpb_wrapper\">\n\t\t\t\t\n<div class=\"wpb_text_column wpb_content_element\" >\n\t<div class=\"wpb_wrapper\">\n\t\t<div>\n<p>OTTAWA, le 30 avril 2024 \u2014 Le Conseil national des musulmans canadiens (CNMC), l\u2019Association canadienne des libert\u00e9s civiles (ACLC) et Ichrak Nour El Hak demandent \u00e0 la Cour supr\u00eame du Canada l\u2019autorisation d\u2019interjeter appel de leur contestation constitutionnelle de la loi 21, la loi qu\u00e9b\u00e9coise qui interdit le port de symboles religieux dans certains secteurs de la fonction publique.<\/p>\n<p>La loi 21, ou Loi sur la la\u00efcit\u00e9 de l\u2019\u00c9tat, a \u00e9t\u00e9 adopt\u00e9e par le gouvernement du Qu\u00e9bec le 17 juin 2019. Cette mesure l\u00e9gislative interdit \u00e0 certains employ\u00e9s du secteur public, notamment les enseignants et les policiers, de porter, dans l\u2019exercice de leurs fonctions, des symboles religieux tels que le hidjab, le turban, la kippa ou le crucifix.<\/p>\n<p>Depuis pr\u00e8s de cinq ans, la loi 21 a cr\u00e9\u00e9 de la discrimination g\u00e9n\u00e9ralis\u00e9e \u00e0 l\u2019encontre des personnes en raison de leurs croyances religieuses. La r\u00e9cente d\u00e9cision de la Cour d\u2019appel du Qu\u00e9bec affirmant la l\u00e9gitimit\u00e9 de la loi 21 constitue un recul important pour les droits et les libert\u00e9s dans tout le Canada.<\/p>\n<p>\u00ab Nous sommes d\u00e9termin\u00e9s \u00e0 d\u00e9fendre les valeurs de libert\u00e9 religieuse, de participation d\u00e9mocratique et d\u2019\u00e9galit\u00e9 qui sont inscrites dans notre constitution et qui sont au c\u0153ur de notre d\u00e9mocratie. C\u2019est pourquoi nous contestons cette loi discriminatoire et inconstitutionnelle, a d\u00e9clar\u00e9 Harini Sivalingam, directrice du programme pour l\u2019\u00e9galit\u00e9 de l\u2019Association canadienne des libert\u00e9s civiles. Nous croyons fermement que la loi 21 constitue une violation des droits et libert\u00e9s fondamentaux de tous les Canadiens. La Cour supr\u00eame du Canada doit se prononcer sur les enjeux pressants de savoir si le gouvernement en place peut nous retirer si facilement nos droits et libert\u00e9s et quel r\u00f4le jouent les tribunaux dans la protection de ces m\u00eames droits et libert\u00e9s. \u00bb<\/p>\n<p>Nous remercions Mes David Grossman, Olga Redko et Marie-H\u00e9l\u00e8ne Lyonnais d\u2019IMK LLP pour leurs excellents services juridiques pro bono dans cette affaire.<\/p>\n<\/div>\n<div>\n<p>-30-<\/p>\n<p><a href=\"https:\/\/mcusercontent.com\/de85a14a3dcadd8e377462ff6\/files\/47822990-185a-71c8-b98a-10d2244df15d\/Hak_et_al_Memorandum_of_argument_leave_to_appeal_SCC_.pdf\" target=\"_blank\" rel=\"noopener\"><strong>LIRE LE M\u00c9MOIRE D\u00c9POS\u00c9 \u00c0 LA CSC ICI<\/strong><\/a><\/p>\n<p><a href=\"https:\/\/ccla.org\/wp-content\/uploads\/2024\/05\/Remarks-Seeking-Leave-to-Appeal-at-the-SCC-FR.pdf\"><strong>LIRE NOS REMARQUES ICI<\/strong><\/a><\/p>\n<\/div>\n<div><strong>\u00c0 propos de l\u2019association canadienne sur les libert\u00e9s civiles<\/strong><br \/>\nL\u2019ACLC est un organisme ind\u00e9pendant \u00e0 but non lucratif qui compte des partisans dans tout le pays. Fond\u00e9e en 1964, c\u2019est une association de d\u00e9fense des droits de la personne qui op\u00e8re \u00e0 l\u2019\u00e9chelle du Canada pour d\u00e9fendre les droits, la dignit\u00e9, la s\u00e9curit\u00e9 et les libert\u00e9s de toute la population.<\/div>\n<div><\/div>\n<div><strong>Communications avec les m\u00e9dias :<\/strong><br \/>\n<a href=\"mailto:media@ccla.org\" target=\"_blank\" rel=\"noopener\">media@ccla.org<\/a><br \/>\nAlex Nanoff \u2013 613.709.6318<\/div>\n\t<\/div>\n<\/div>\n\n\n\n\n\t\t\t<\/div> \n\t\t<\/div>\n\t<\/div> \n<\/div><\/div>\n\t\t<div id=\"fws_69ee40a5d1612\"  data-column-margin=\"default\" data-midnight=\"dark\"  class=\"wpb_row vc_row-fluid vc_row\"  style=\"padding-top: 0px; padding-bottom: 0px; \"><div class=\"row-bg-wrap\" data-bg-animation=\"none\" data-bg-animation-delay=\"\" data-bg-overlay=\"false\"><div class=\"inner-wrap row-bg-layer\" ><div class=\"row-bg viewport-desktop\"  style=\"\"><\/div><\/div><\/div><div class=\"row_col_wrap_12 col span_12 dark left\">\n\t<div  class=\"vc_col-sm-12 wpb_column column_container vc_column_container col no-extra-padding inherit_tablet inherit_phone\"  data-padding-pos=\"all\" data-has-bg-color=\"false\" data-bg-color=\"\" data-bg-opacity=\"1\" data-animation=\"\" data-delay=\"0\" >\n\t\t<div class=\"vc_column-inner\" >\n\t\t\t<div class=\"wpb_wrapper\">\n\t\t\t\t\n\t\t<div id=\"fws_69ee40a5d19de\"  data-column-margin=\"default\" data-midnight=\"dark\" data-top-percent=\"1%\" data-bottom-percent=\"1%\"  class=\"wpb_row vc_row-fluid vc_row\"  style=\"padding-top: calc(100vw * 0.01); padding-bottom: calc(100vw * 0.01); \"><div class=\"row-bg-wrap\" data-bg-animation=\"none\" data-bg-animation-delay=\"\" data-bg-overlay=\"false\"><div class=\"inner-wrap row-bg-layer\" ><div class=\"row-bg viewport-desktop\"  style=\"\"><\/div><\/div><\/div><div class=\"row_col_wrap_12 col span_12 dark left\">\n\t<div  class=\"vc_col-sm-12 wpb_column column_container vc_column_container col no-extra-padding inherit_tablet inherit_phone\"  data-padding-pos=\"all\" data-has-bg-color=\"false\" data-bg-color=\"\" data-bg-opacity=\"1\" data-animation=\"\" data-delay=\"0\" >\n\t\t<div class=\"vc_column-inner\" >\n\t\t\t<div class=\"wpb_wrapper\">\n\t\t\t\t<h3 style=\"color: #ef770e;text-align: left\" class=\"vc_custom_heading vc_do_custom_heading\" >\u00c0 propos de l\u2019association canadienne sur les libert\u00e9s civiles<\/h3>\n<div class=\"wpb_text_column wpb_content_element\" >\n\t<div class=\"wpb_wrapper\">\n\t\t<p class=\"translation-block\">L\u2019ACLC est un organisme ind\u00e9pendant \u00e0 but non lucratif qui compte des sympathisant.e.s dans tout le pays. Fond\u00e9 en 1964, c\u2019est un organisme qui \u0153uvre \u00e0 l\u2019\u00e9chelle du Canada \u00e0 la protection des droits et des libert\u00e9s civiles de toute sa population.<\/p>\n\t<\/div>\n<\/div>\n\n\n\n<h3 style=\"color: #ef770e;text-align: left\" class=\"vc_custom_heading vc_do_custom_heading\" >Pour les m\u00e9dias<\/h3>\n<div class=\"wpb_text_column wpb_content_element\" >\n\t<div class=\"wpb_wrapper\">\n\t\t<p>Pour d&#039;autres commentaires, veuillez nous contacter \u00e0\u00a0<a href=\"mailto:media@ccla.org\"><u>media@ccla.org<\/u><\/a>.<\/p>\n\t<\/div>\n<\/div>\n\n\n\n<h3 style=\"color: #ef770e;text-align: left\" class=\"vc_custom_heading vc_do_custom_heading\" >Pour les mises \u00e0 jour en direct<\/h3>\n<div class=\"wpb_text_column wpb_content_element\" >\n\t<div class=\"wpb_wrapper\">\n\t\t<p>Veuillez continuer \u00e0 vous r\u00e9f\u00e9rer \u00e0\u00a0<a href=\"https:\/\/ccla.org\/fr\/the-latest\/\" rel=\"noopener\">cette page<\/a>\u00a0et \u00e0 nos plateformes de m\u00e9dias sociaux. On est dessus\u00a0<a href=\"https:\/\/www.instagram.com\/cancivlib\/?hl=en\" target=\"_blank\" rel=\"noopener\"><u>Instagram<\/u><\/a>,\u00a0<a href=\"http:\/\/facebook.com\/cancivlib\/\" target=\"_blank\" rel=\"noopener\"><u>Facebook<\/u><\/a>, <a href=\"https:\/\/twitter.com\/cancivlib\" target=\"_blank\" rel=\"noopener\"><u>Twitter<\/u><\/a> et <a href=\"https:\/\/bsky.app\/profile\/cancivlib.bsky.social\" target=\"_blank\" rel=\"noopener\"><u>Ciel bleu<\/u><\/a>.<\/p>\n\t<\/div>\n<\/div>\n\n\n\n\n\t\t\t<\/div> \n\t\t<\/div>\n\t<\/div> \n<\/div><\/div>\n\n\t\t\t<\/div> \n\t\t<\/div>\n\t<\/div> \n<\/div><\/div>\n\t\t<div id=\"fws_69ee40a5d21a2\"  data-column-margin=\"default\" data-midnight=\"dark\"  class=\"wpb_row vc_row-fluid vc_row\"  style=\"padding-top: 0px; padding-bottom: 0px; \"><div class=\"row-bg-wrap\" data-bg-animation=\"none\" data-bg-animation-delay=\"\" data-bg-overlay=\"false\"><div class=\"inner-wrap row-bg-layer\" ><div class=\"row-bg viewport-desktop\"  style=\"\"><\/div><\/div><\/div><div class=\"row_col_wrap_12 col span_12 dark left\">\n\t<div  class=\"vc_col-sm-12 wpb_column column_container vc_column_container col no-extra-padding inherit_tablet inherit_phone\"  data-padding-pos=\"all\" data-has-bg-color=\"false\" data-bg-color=\"\" data-bg-opacity=\"1\" data-animation=\"\" data-delay=\"0\" >\n\t\t<div class=\"vc_column-inner\" >\n\t\t\t<div class=\"wpb_wrapper\">\n\t\t\t\t\n<div class=\"wpb_text_column wpb_content_element\" >\n\t<div class=\"wpb_wrapper\">\n\t\t\t<\/div>\n<\/div>\n\n\n\n\n\t\t\t<\/div> \n\t\t<\/div>\n\t<\/div> \n<\/div><\/div>","protected":false},"excerpt":{"rendered":"OTTAWA \u2014 Le Conseil national des musulmans canadiens (CNMC), l\u2019Association canadienne des libert\u00e9s civiles (ACLC) et Ichrak Nour El Hak demandent \u00e0 la Cour supr\u00eame du Canada la permission d\u2019entendre...","protected":false},"author":4,"featured_media":4504,"comment_status":"closed","ping_status":"closed","sticky":false,"template":"","format":"standard","meta":{"footnotes":""},"categories":[66,6,76,248,8],"tags":[],"class_list":{"0":"post-9440","1":"post","2":"type-post","3":"status-publish","4":"format-standard","5":"has-post-thumbnail","7":"category-bill-21","8":"category-equality","9":"category-freedoms-religion","10":"category-notwithstanding-clause","11":"category-press-release"},"yoast_head":"<!-- This site is optimized with the Yoast SEO plugin v24.7 - https:\/\/yoast.com\/wordpress\/plugins\/seo\/ -->\n<title>Leave to Appeal Filed at the Supreme Court of Canada on Bill 21 Case - CCLA<\/title>\n<meta name=\"robots\" content=\"index, follow, max-snippet:-1, max-image-preview:large, max-video-preview:-1\" \/>\n<link rel=\"canonical\" href=\"https:\/\/ccla.org\/fr\/communique-de-presse\/demande-dautorisation-de-pourvoi-deposee-aupres-de-la-cour-supreme-du-canada-dans-laffaire-bill-21\/\" \/>\n<meta property=\"og:locale\" content=\"fr_CA\" \/>\n<meta property=\"og:type\" content=\"article\" \/>\n<meta property=\"og:title\" content=\"Leave to Appeal Filed at the Supreme Court of Canada on Bill 21 Case - CCLA\" \/>\n<meta property=\"og:url\" content=\"https:\/\/ccla.org\/fr\/communique-de-presse\/demande-dautorisation-de-pourvoi-deposee-aupres-de-la-cour-supreme-du-canada-dans-laffaire-bill-21\/\" \/>\n<meta property=\"og:site_name\" content=\"CCLA\" \/>\n<meta property=\"article:published_time\" content=\"2024-04-30T16:52:34+00:00\" \/>\n<meta property=\"article:modified_time\" content=\"2024-11-22T16:19:48+00:00\" \/>\n<meta property=\"og:image\" content=\"https:\/\/ccla.org\/wp-content\/uploads\/2021\/06\/asia-muslim-lady-using-computer-laptop-talk-to-col-AGXC8AB-1.jpg\" \/>\n\t<meta property=\"og:image:width\" content=\"2000\" \/>\n\t<meta property=\"og:image:height\" content=\"800\" \/>\n\t<meta property=\"og:image:type\" content=\"image\/jpeg\" \/>\n<meta name=\"author\" content=\"CCLA\" \/>\n<meta name=\"twitter:card\" content=\"summary_large_image\" \/>\n<meta name=\"twitter:label1\" content=\"\u00c9crit par\" \/>\n\t<meta name=\"twitter:data1\" content=\"CCLA\" \/>\n\t<meta name=\"twitter:label2\" content=\"Estimation du temps de lecture\" \/>\n\t<meta name=\"twitter:data2\" content=\"3 minutes\" \/>\n<script type=\"application\/ld+json\" class=\"yoast-schema-graph\">{\"@context\":\"https:\/\/schema.org\",\"@graph\":[{\"@type\":\"WebPage\",\"@id\":\"https:\/\/ccla.org\/press-release\/leave-to-appeal-filed-at-the-supreme-court-of-canada-on-bill-21-case\/\",\"url\":\"https:\/\/ccla.org\/press-release\/leave-to-appeal-filed-at-the-supreme-court-of-canada-on-bill-21-case\/\",\"name\":\"Leave to Appeal Filed at the Supreme Court of Canada on Bill 21 Case - CCLA\",\"isPartOf\":{\"@id\":\"https:\/\/ccla.org\/#website\"},\"primaryImageOfPage\":{\"@id\":\"https:\/\/ccla.org\/press-release\/leave-to-appeal-filed-at-the-supreme-court-of-canada-on-bill-21-case\/#primaryimage\"},\"image\":{\"@id\":\"https:\/\/ccla.org\/press-release\/leave-to-appeal-filed-at-the-supreme-court-of-canada-on-bill-21-case\/#primaryimage\"},\"thumbnailUrl\":\"https:\/\/ccla.org\/wp-content\/uploads\/2021\/06\/asia-muslim-lady-using-computer-laptop-talk-to-col-AGXC8AB-1.jpg\",\"datePublished\":\"2024-04-30T16:52:34+00:00\",\"dateModified\":\"2024-11-22T16:19:48+00:00\",\"author\":{\"@id\":\"https:\/\/ccla.org\/#\/schema\/person\/8340210ad747e50e21e040b101a55d8d\"},\"breadcrumb\":{\"@id\":\"https:\/\/ccla.org\/press-release\/leave-to-appeal-filed-at-the-supreme-court-of-canada-on-bill-21-case\/#breadcrumb\"},\"inLanguage\":\"fr-CA\",\"potentialAction\":[{\"@type\":\"ReadAction\",\"target\":[\"https:\/\/ccla.org\/press-release\/leave-to-appeal-filed-at-the-supreme-court-of-canada-on-bill-21-case\/\"]}]},{\"@type\":\"ImageObject\",\"inLanguage\":\"fr-CA\",\"@id\":\"https:\/\/ccla.org\/press-release\/leave-to-appeal-filed-at-the-supreme-court-of-canada-on-bill-21-case\/#primaryimage\",\"url\":\"https:\/\/ccla.org\/wp-content\/uploads\/2021\/06\/asia-muslim-lady-using-computer-laptop-talk-to-col-AGXC8AB-1.jpg\",\"contentUrl\":\"https:\/\/ccla.org\/wp-content\/uploads\/2021\/06\/asia-muslim-lady-using-computer-laptop-talk-to-col-AGXC8AB-1.jpg\",\"width\":2000,\"height\":800},{\"@type\":\"BreadcrumbList\",\"@id\":\"https:\/\/ccla.org\/press-release\/leave-to-appeal-filed-at-the-supreme-court-of-canada-on-bill-21-case\/#breadcrumb\",\"itemListElement\":[{\"@type\":\"ListItem\",\"position\":1,\"name\":\"Home\",\"item\":\"https:\/\/ccla.org\/\"},{\"@type\":\"ListItem\",\"position\":2,\"name\":\"PRESS RELEASES\",\"item\":\"https:\/\/ccla.org\/category\/press-release\/\"},{\"@type\":\"ListItem\",\"position\":3,\"name\":\"Leave to Appeal Filed at the Supreme Court of Canada on Bill 21 Case\"}]},{\"@type\":\"WebSite\",\"@id\":\"https:\/\/ccla.org\/#website\",\"url\":\"https:\/\/ccla.org\/\",\"name\":\"CCLA\",\"description\":\"\",\"potentialAction\":[{\"@type\":\"SearchAction\",\"target\":{\"@type\":\"EntryPoint\",\"urlTemplate\":\"https:\/\/ccla.org\/?s={search_term_string}\"},\"query-input\":{\"@type\":\"PropertyValueSpecification\",\"valueRequired\":true,\"valueName\":\"search_term_string\"}}],\"inLanguage\":\"fr-CA\"},{\"@type\":\"Person\",\"@id\":\"https:\/\/ccla.org\/#\/schema\/person\/8340210ad747e50e21e040b101a55d8d\",\"name\":\"CCLA\",\"image\":{\"@type\":\"ImageObject\",\"inLanguage\":\"fr-CA\",\"@id\":\"https:\/\/ccla.org\/#\/schema\/person\/image\/\",\"url\":\"https:\/\/secure.gravatar.com\/avatar\/8b870059ce8f35a3967c509e5d35c55a?s=96&d=blank&r=g\",\"contentUrl\":\"https:\/\/secure.gravatar.com\/avatar\/8b870059ce8f35a3967c509e5d35c55a?s=96&d=blank&r=g\",\"caption\":\"CCLA\"},\"url\":\"https:\/\/ccla.org\/fr\/author\/ccla\/\"}]}<\/script>\n<!-- \/ Yoast SEO plugin. -->","yoast_head_json":{"title":"Leave to Appeal Filed at the Supreme Court of Canada on Bill 21 Case - CCLA","robots":{"index":"index","follow":"follow","max-snippet":"max-snippet:-1","max-image-preview":"max-image-preview:large","max-video-preview":"max-video-preview:-1"},"canonical":"https:\/\/ccla.org\/fr\/communique-de-presse\/demande-dautorisation-de-pourvoi-deposee-aupres-de-la-cour-supreme-du-canada-dans-laffaire-bill-21\/","og_locale":"fr_CA","og_type":"article","og_title":"Leave to Appeal Filed at the Supreme Court of Canada on Bill 21 Case - CCLA","og_url":"https:\/\/ccla.org\/fr\/communique-de-presse\/demande-dautorisation-de-pourvoi-deposee-aupres-de-la-cour-supreme-du-canada-dans-laffaire-bill-21\/","og_site_name":"CCLA","article_published_time":"2024-04-30T16:52:34+00:00","article_modified_time":"2024-11-22T16:19:48+00:00","og_image":[{"width":2000,"height":800,"url":"https:\/\/ccla.org\/wp-content\/uploads\/2021\/06\/asia-muslim-lady-using-computer-laptop-talk-to-col-AGXC8AB-1.jpg","type":"image\/jpeg"}],"author":"CCLA","twitter_card":"summary_large_image","twitter_misc":{"\u00c9crit par":"CCLA","Estimation du temps de lecture":"3 minutes"},"schema":{"@context":"https:\/\/schema.org","@graph":[{"@type":"WebPage","@id":"https:\/\/ccla.org\/press-release\/leave-to-appeal-filed-at-the-supreme-court-of-canada-on-bill-21-case\/","url":"https:\/\/ccla.org\/press-release\/leave-to-appeal-filed-at-the-supreme-court-of-canada-on-bill-21-case\/","name":"Leave to Appeal Filed at the Supreme Court of Canada on Bill 21 Case - CCLA","isPartOf":{"@id":"https:\/\/ccla.org\/#website"},"primaryImageOfPage":{"@id":"https:\/\/ccla.org\/press-release\/leave-to-appeal-filed-at-the-supreme-court-of-canada-on-bill-21-case\/#primaryimage"},"image":{"@id":"https:\/\/ccla.org\/press-release\/leave-to-appeal-filed-at-the-supreme-court-of-canada-on-bill-21-case\/#primaryimage"},"thumbnailUrl":"https:\/\/ccla.org\/wp-content\/uploads\/2021\/06\/asia-muslim-lady-using-computer-laptop-talk-to-col-AGXC8AB-1.jpg","datePublished":"2024-04-30T16:52:34+00:00","dateModified":"2024-11-22T16:19:48+00:00","author":{"@id":"https:\/\/ccla.org\/#\/schema\/person\/8340210ad747e50e21e040b101a55d8d"},"breadcrumb":{"@id":"https:\/\/ccla.org\/press-release\/leave-to-appeal-filed-at-the-supreme-court-of-canada-on-bill-21-case\/#breadcrumb"},"inLanguage":"fr-CA","potentialAction":[{"@type":"ReadAction","target":["https:\/\/ccla.org\/press-release\/leave-to-appeal-filed-at-the-supreme-court-of-canada-on-bill-21-case\/"]}]},{"@type":"ImageObject","inLanguage":"fr-CA","@id":"https:\/\/ccla.org\/press-release\/leave-to-appeal-filed-at-the-supreme-court-of-canada-on-bill-21-case\/#primaryimage","url":"https:\/\/ccla.org\/wp-content\/uploads\/2021\/06\/asia-muslim-lady-using-computer-laptop-talk-to-col-AGXC8AB-1.jpg","contentUrl":"https:\/\/ccla.org\/wp-content\/uploads\/2021\/06\/asia-muslim-lady-using-computer-laptop-talk-to-col-AGXC8AB-1.jpg","width":2000,"height":800},{"@type":"BreadcrumbList","@id":"https:\/\/ccla.org\/press-release\/leave-to-appeal-filed-at-the-supreme-court-of-canada-on-bill-21-case\/#breadcrumb","itemListElement":[{"@type":"ListItem","position":1,"name":"Home","item":"https:\/\/ccla.org\/"},{"@type":"ListItem","position":2,"name":"PRESS RELEASES","item":"https:\/\/ccla.org\/category\/press-release\/"},{"@type":"ListItem","position":3,"name":"Leave to Appeal Filed at the Supreme Court of Canada on Bill 21 Case"}]},{"@type":"WebSite","@id":"https:\/\/ccla.org\/#website","url":"https:\/\/ccla.org\/","name":"CCLA","description":"","potentialAction":[{"@type":"SearchAction","target":{"@type":"EntryPoint","urlTemplate":"https:\/\/ccla.org\/?s={search_term_string}"},"query-input":{"@type":"PropertyValueSpecification","valueRequired":true,"valueName":"search_term_string"}}],"inLanguage":"fr-CA"},{"@type":"Person","@id":"https:\/\/ccla.org\/#\/schema\/person\/8340210ad747e50e21e040b101a55d8d","name":"CCLA","image":{"@type":"ImageObject","inLanguage":"fr-CA","@id":"https:\/\/ccla.org\/#\/schema\/person\/image\/","url":"https:\/\/secure.gravatar.com\/avatar\/8b870059ce8f35a3967c509e5d35c55a?s=96&d=blank&r=g","contentUrl":"https:\/\/secure.gravatar.com\/avatar\/8b870059ce8f35a3967c509e5d35c55a?s=96&d=blank&r=g","caption":"CCLA"},"url":"https:\/\/ccla.org\/fr\/author\/ccla\/"}]}},"_links":{"self":[{"href":"https:\/\/ccla.org\/fr\/wp-json\/wp\/v2\/posts\/9440","targetHints":{"allow":["GET"]}}],"collection":[{"href":"https:\/\/ccla.org\/fr\/wp-json\/wp\/v2\/posts"}],"about":[{"href":"https:\/\/ccla.org\/fr\/wp-json\/wp\/v2\/types\/post"}],"author":[{"embeddable":true,"href":"https:\/\/ccla.org\/fr\/wp-json\/wp\/v2\/users\/4"}],"replies":[{"embeddable":true,"href":"https:\/\/ccla.org\/fr\/wp-json\/wp\/v2\/comments?post=9440"}],"version-history":[{"count":5,"href":"https:\/\/ccla.org\/fr\/wp-json\/wp\/v2\/posts\/9440\/revisions"}],"predecessor-version":[{"id":9462,"href":"https:\/\/ccla.org\/fr\/wp-json\/wp\/v2\/posts\/9440\/revisions\/9462"}],"wp:featuredmedia":[{"embeddable":true,"href":"https:\/\/ccla.org\/fr\/wp-json\/wp\/v2\/media\/4504"}],"wp:attachment":[{"href":"https:\/\/ccla.org\/fr\/wp-json\/wp\/v2\/media?parent=9440"}],"wp:term":[{"taxonomy":"category","embeddable":true,"href":"https:\/\/ccla.org\/fr\/wp-json\/wp\/v2\/categories?post=9440"},{"taxonomy":"post_tag","embeddable":true,"href":"https:\/\/ccla.org\/fr\/wp-json\/wp\/v2\/tags?post=9440"}],"curies":[{"name":"wp","href":"https:\/\/api.w.org\/{rel}","templated":true}]}}