{"id":7391,"date":"2022-04-05T10:43:17","date_gmt":"2022-04-05T14:43:17","guid":{"rendered":"https:\/\/ccla.org\/?p=7391"},"modified":"2022-04-05T10:49:59","modified_gmt":"2022-04-05T14:49:59","slug":"ccla-appoints-new-special-advisor-indigenous-issues","status":"publish","type":"post","link":"https:\/\/ccla.org\/fr\/communique-de-presse\/la-ccla-nomme-un-nouveau-conseiller-special-pour-les-questions-indigenes\/","title":{"rendered":"Un nouveau conseiller aux affaires autochtones \u00e0 l'ACLC"},"content":{"rendered":"<div id=\"fws_69f000766b6d8\"  data-column-margin=\"default\" data-midnight=\"dark\"  class=\"wpb_row vc_row-fluid vc_row\"  style=\"padding-top: 0px; padding-bottom: 0px; \"><div class=\"row-bg-wrap\" data-bg-animation=\"none\" data-bg-animation-delay=\"\" data-bg-overlay=\"false\"><div class=\"inner-wrap row-bg-layer\" ><div class=\"row-bg viewport-desktop\"  style=\"\"><\/div><\/div><\/div><div class=\"row_col_wrap_12 col span_12 dark left\">\n\t<div  class=\"vc_col-sm-12 wpb_column column_container vc_column_container col no-extra-padding inherit_tablet inherit_phone\"  data-padding-pos=\"all\" data-has-bg-color=\"false\" data-bg-color=\"\" data-bg-opacity=\"1\" data-animation=\"\" data-delay=\"0\" >\n\t\t<div class=\"vc_column-inner\" >\n\t\t\t<div class=\"wpb_wrapper\">\n\t\t\t\t\n\t\t<div id=\"fws_69f000766be1f\"  data-column-margin=\"default\" data-midnight=\"dark\"  class=\"wpb_row vc_row-fluid vc_row full-width-section\"  style=\"padding-top: 0px; padding-bottom: 0px; \"><div class=\"row-bg-wrap\" data-bg-animation=\"none\" data-bg-animation-delay=\"\" data-bg-overlay=\"true\"><div class=\"inner-wrap row-bg-layer\" ><div class=\"row-bg viewport-desktop\"  style=\"\"><\/div><\/div><div class=\"row-bg-overlay row-bg-layer\" style=\"background: rgba(0,0,0,0.3); background: linear-gradient(to bottom,rgba(0,0,0,0.3) 0%,rgba(238,238,238,0.01) 100%);  opacity: 0.5; \"><\/div><\/div><div class=\"row_col_wrap_12 col span_12 dark left\">\n\t<div  class=\"vc_col-sm-12 wpb_column column_container vc_column_container col no-extra-padding inherit_tablet inherit_phone\"  data-padding-pos=\"all\" data-has-bg-color=\"false\" data-bg-color=\"\" data-bg-opacity=\"1\" data-animation=\"\" data-delay=\"0\" >\n\t\t<div class=\"vc_column-inner\" >\n\t\t\t<div class=\"wpb_wrapper\">\n\t\t\t\t<div class=\"divider-wrap\" data-alignment=\"default\"><div style=\"height: 10px;\" class=\"divider\"><\/div><\/div>\n\t\t\t<\/div> \n\t\t<\/div>\n\t<\/div> \n<\/div><\/div>\n\n\t\t\t<\/div> \n\t\t<\/div>\n\t<\/div> \n<\/div><\/div>\n\t\t<div id=\"fws_69f000766c2dd\"  data-column-margin=\"default\" data-midnight=\"dark\" data-top-percent=\"4%\" data-bottom-percent=\"4%\"  class=\"wpb_row vc_row-fluid vc_row\"  style=\"padding-top: calc(100vw * 0.04); padding-bottom: calc(100vw * 0.04); \"><div class=\"row-bg-wrap\" data-bg-animation=\"none\" data-bg-animation-delay=\"\" data-bg-overlay=\"false\"><div class=\"inner-wrap row-bg-layer\" ><div class=\"row-bg viewport-desktop\"  style=\"\"><\/div><\/div><\/div><div class=\"row_col_wrap_12 col span_12 dark left\">\n\t<div  class=\"vc_col-sm-6 wpb_column column_container vc_column_container col no-extra-padding inherit_tablet inherit_phone\"  data-padding-pos=\"all\" data-has-bg-color=\"false\" data-bg-color=\"\" data-bg-opacity=\"1\" data-animation=\"\" data-delay=\"0\" >\n\t\t<div class=\"vc_column-inner\" >\n\t\t\t<div class=\"wpb_wrapper\">\n\t\t\t\t\n<div class=\"wpb_text_column wpb_content_element\" >\n\t<div class=\"wpb_wrapper\">\n\t\t<p>L\u2019Association canadienne des libert\u00e9s civiles (ACLC) a annonc\u00e9 ce matin la nomination de Ma\u00eetre Alain Bartleman comme nouveau conseiller aux Affaires autochtones de l\u2019association.<\/p>\n<p>Membre de la Premi\u00e8re Nation des Chippewas de Rama Mnjikaning, Me Alain Bartleman est associ\u00e9 d\u2019un important cabinet de juristes sp\u00e9cialistes du droit autochtone o\u00f9 il repr\u00e9sente fr\u00e9quemment des clients autochtones. Il a \u00e9tudi\u00e9 le droit \u00e0 l\u2019Institut des \u00c9tudes politiques de Paris, \u00e0 l\u2019Universit\u00e9 de Gen\u00e8ve et \u00e0 l\u2019Universit\u00e9 McGill. Me Bartleman qui ma\u00eetrise parfaitement le fran\u00e7ais et l\u2019anglais r\u00e9dige r\u00e9guli\u00e8rement des commentaires sur des questions de droit autochtone pour les m\u00e9dias dans ces deux langues.<\/p>\n<p>\u00ab\u2009Nous sommes ravis d\u2019accueillir Me Alain Bartleman au sein de l\u2019\u00e9quipe de l\u2019ACLC. Ses r\u00e9alisations notables, son important travail juridique et b\u00e9n\u00e9vole sur des questions qui touchent les collectivit\u00e9s autochtones ont contribu\u00e9 \u00e0 approfondir sa compr\u00e9hension de celles-ci et \u00e0 renforcer son int\u00e9r\u00eat qu\u2019il leur porte,\u2009\u00bb a d\u00e9clar\u00e9 Noa Mendelsohn Aviv, directrice g\u00e9n\u00e9rale et avocate g\u00e9n\u00e9rale de l\u2019ACLC.<\/p>\n<p>Madame Mendelsohn Aviv et le conseil d\u2019administration de l\u2019ACLC reconnaissent avec gratitude la g\u00e9n\u00e9rosit\u00e9 des individus, des collectivit\u00e9s, des juristes et des bailleurs de fonds qui soutiennent l\u2019association dans son travail et le rendent ainsi possible.<\/p>\n<p>\u00ab\u2009Du fait du racisme et du colonialisme, les peuples autochtones ont souvent \u00e9t\u00e9 spoli\u00e9s de leur dignit\u00e9, de leur respect de soi et de leurs libert\u00e9s civiles. J\u2019ai h\u00e2te d\u2019apporter mon soutien \u00e0 l\u2019Association canadienne des libert\u00e9s civiles en veillant \u00e0 ce qu\u2019elle puisse, dans l\u2019exercice de son mandat, continuer d\u2019agir pour les Autochtones qui vivent dans ce pays,\u2009\u00bb a comment\u00e9 Me Bartleman.<\/p>\n<p>En plus de cette nomination, l\u2019ACLC est heureuse d\u2019annoncer le maintien d\u2019Akwasi Owusu-Bempah au poste de conseiller sur le racisme anti-Noir. Akwasi Owusu-Bempah est titulaire d\u2019un baccalaur\u00e9at \u00e8s arts de l\u2019Universit\u00e9 Carleton, et d\u2019une ma\u00eetrise et d\u2019un doctorat en sociologie de l\u2019Universit\u00e9 de Toronto.<\/p>\n<p>Compte Twitter:\u00a0<a href=\"https:\/\/twitter.com\/alainbartleman\" target=\"_blank\" rel=\"noopener\">@alainbartleman<\/a><\/p>\n\t<\/div>\n<\/div>\n\n\n\n\n\t\t\t<\/div> \n\t\t<\/div>\n\t<\/div> \n\n\t<div  class=\"vc_col-sm-6 wpb_column column_container vc_column_container col no-extra-padding inherit_tablet inherit_phone\"  data-padding-pos=\"all\" data-has-bg-color=\"false\" data-bg-color=\"\" data-bg-opacity=\"1\" data-animation=\"\" data-delay=\"0\" >\n\t\t<div class=\"vc_column-inner\" >\n\t\t\t<div class=\"wpb_wrapper\">\n\t\t\t\t<div class=\"divider-wrap\" data-alignment=\"default\"><div style=\"height: 10px;\" class=\"divider\"><\/div><\/div><div class=\"img-with-aniamtion-wrap\" data-max-width=\"100%\" data-max-width-mobile=\"default\" data-border-radius=\"5px\" data-shadow=\"none\" data-animation=\"none\"  style=\"margin-top: 2px; margin-right: 2px; margin-bottom: 2px; margin-left: 2px;\">\n      <div class=\"inner\">\n        <div class=\"hover-wrap\"> \n          <div class=\"hover-wrap-inner\">\n            <img loading=\"lazy\" decoding=\"async\" class=\"img-with-animation skip-lazy\" data-delay=\"0\" height=\"640\" width=\"480\" data-animation=\"none\" src=\"https:\/\/ccla.org\/wp-content\/uploads\/2022\/04\/Alain-Bartleman.jpg\" alt=\"\" srcset=\"https:\/\/ccla.org\/wp-content\/uploads\/2022\/04\/Alain-Bartleman.jpg 480w, https:\/\/ccla.org\/wp-content\/uploads\/2022\/04\/Alain-Bartleman-225x300.jpg 225w, https:\/\/ccla.org\/wp-content\/uploads\/2022\/04\/Alain-Bartleman-9x12.jpg 9w\" sizes=\"auto, (max-width: 480px) 100vw, 480px\" \/>\n          <\/div>\n        <\/div>\n      <\/div>\n    <\/div>\n\t\t\t<\/div> \n\t\t<\/div>\n\t<\/div> \n<\/div><\/div>\n\t\t<div id=\"fws_69f000766f971\"  data-column-margin=\"default\" data-midnight=\"dark\"  class=\"wpb_row vc_row-fluid vc_row\"  style=\"padding-top: 0px; padding-bottom: 0px; \"><div class=\"row-bg-wrap\" data-bg-animation=\"none\" data-bg-animation-delay=\"\" data-bg-overlay=\"false\"><div class=\"inner-wrap row-bg-layer\" ><div class=\"row-bg viewport-desktop\"  style=\"\"><\/div><\/div><\/div><div class=\"row_col_wrap_12 col span_12 dark left\">\n\t<div  class=\"vc_col-sm-12 wpb_column column_container vc_column_container col no-extra-padding inherit_tablet inherit_phone\"  data-padding-pos=\"all\" data-has-bg-color=\"false\" data-bg-color=\"\" data-bg-opacity=\"1\" data-animation=\"\" data-delay=\"0\" >\n\t\t<div class=\"vc_column-inner\" >\n\t\t\t<div class=\"wpb_wrapper\">\n\t\t\t\t\n\t\t<div id=\"fws_69f000766ffc9\"  data-column-margin=\"default\" data-midnight=\"dark\" data-top-percent=\"1%\" data-bottom-percent=\"1%\"  class=\"wpb_row vc_row-fluid vc_row\"  style=\"padding-top: calc(100vw * 0.01); padding-bottom: calc(100vw * 0.01); \"><div class=\"row-bg-wrap\" data-bg-animation=\"none\" data-bg-animation-delay=\"\" data-bg-overlay=\"false\"><div class=\"inner-wrap row-bg-layer\" ><div class=\"row-bg viewport-desktop\"  style=\"\"><\/div><\/div><\/div><div class=\"row_col_wrap_12 col span_12 dark left\">\n\t<div  class=\"vc_col-sm-12 wpb_column column_container vc_column_container col no-extra-padding inherit_tablet inherit_phone\"  data-padding-pos=\"all\" data-has-bg-color=\"false\" data-bg-color=\"\" data-bg-opacity=\"1\" data-animation=\"\" data-delay=\"0\" >\n\t\t<div class=\"vc_column-inner\" >\n\t\t\t<div class=\"wpb_wrapper\">\n\t\t\t\t<h3 style=\"color: #ef770e;text-align: left\" class=\"vc_custom_heading vc_do_custom_heading\" >\u00c0 propos de l\u2019association canadienne sur les libert\u00e9s civiles<\/h3>\n<div class=\"wpb_text_column wpb_content_element\" >\n\t<div class=\"wpb_wrapper\">\n\t\t<p class=\"translation-block\">L\u2019ACLC est un organisme ind\u00e9pendant \u00e0 but non lucratif qui compte des sympathisant.e.s dans tout le pays. Fond\u00e9 en 1964, c\u2019est un organisme qui \u0153uvre \u00e0 l\u2019\u00e9chelle du Canada \u00e0 la protection des droits et des libert\u00e9s civiles de toute sa population.<\/p>\n\t<\/div>\n<\/div>\n\n\n\n<h3 style=\"color: #ef770e;text-align: left\" class=\"vc_custom_heading vc_do_custom_heading\" >Pour les m\u00e9dias<\/h3>\n<div class=\"wpb_text_column wpb_content_element\" >\n\t<div class=\"wpb_wrapper\">\n\t\t<p>Pour d&#039;autres commentaires, veuillez nous contacter \u00e0\u00a0<a href=\"mailto:media@ccla.org\"><u>media@ccla.org<\/u><\/a>.<\/p>\n\t<\/div>\n<\/div>\n\n\n\n<h3 style=\"color: #ef770e;text-align: left\" class=\"vc_custom_heading vc_do_custom_heading\" >Pour les mises \u00e0 jour en direct<\/h3>\n<div class=\"wpb_text_column wpb_content_element\" >\n\t<div class=\"wpb_wrapper\">\n\t\t<p>Veuillez continuer \u00e0 vous r\u00e9f\u00e9rer \u00e0\u00a0<a href=\"https:\/\/ccla.org\/fr\/the-latest\/\" rel=\"noopener\">cette page<\/a>\u00a0et \u00e0 nos plateformes de m\u00e9dias sociaux. On est dessus\u00a0<a href=\"https:\/\/www.instagram.com\/cancivlib\/?hl=en\" target=\"_blank\" rel=\"noopener\"><u>Instagram<\/u><\/a>,\u00a0<a href=\"http:\/\/facebook.com\/cancivlib\/\" target=\"_blank\" rel=\"noopener\"><u>Facebook<\/u><\/a>, <a href=\"https:\/\/twitter.com\/cancivlib\" target=\"_blank\" rel=\"noopener\"><u>Twitter<\/u><\/a> et <a href=\"https:\/\/bsky.app\/profile\/cancivlib.bsky.social\" target=\"_blank\" rel=\"noopener\"><u>Ciel bleu<\/u><\/a>.<\/p>\n\t<\/div>\n<\/div>\n\n\n\n\n\t\t\t<\/div> \n\t\t<\/div>\n\t<\/div> \n<\/div><\/div>\n\n\t\t\t<\/div> \n\t\t<\/div>\n\t<\/div> \n<\/div><\/div>","protected":false},"excerpt":{"rendered":"<p>L&#039;Association canadienne des libert\u00e9s civiles a nomm\u00e9 Alain Bartleman au poste de conseiller sp\u00e9cial, questions autochtones.<\/p>","protected":false},"author":4,"featured_media":1351,"comment_status":"closed","ping_status":"closed","sticky":false,"template":"","format":"standard","meta":{"footnotes":""},"categories":[8],"tags":[],"class_list":{"0":"post-7391","1":"post","2":"type-post","3":"status-publish","4":"format-standard","5":"has-post-thumbnail","7":"category-press-release"},"yoast_head":"<!-- This site is optimized with the Yoast SEO plugin v24.7 - https:\/\/yoast.com\/wordpress\/plugins\/seo\/ -->\n<title>CCLA Appoints New Special Advisor, Indigenous Issues - CCLA<\/title>\n<meta name=\"robots\" content=\"index, follow, max-snippet:-1, max-image-preview:large, max-video-preview:-1\" \/>\n<link rel=\"canonical\" href=\"https:\/\/ccla.org\/fr\/communique-de-presse\/la-ccla-nomme-un-nouveau-conseiller-special-pour-les-questions-indigenes\/\" \/>\n<meta property=\"og:locale\" content=\"fr_CA\" \/>\n<meta property=\"og:type\" content=\"article\" \/>\n<meta property=\"og:title\" content=\"CCLA Appoints New Special Advisor, Indigenous Issues - CCLA\" \/>\n<meta property=\"og:description\" content=\"The Canadian Civil Liberties Association has appointed Alain Bartleman as its Special Advisor, Indigenous Issues.\" \/>\n<meta property=\"og:url\" content=\"https:\/\/ccla.org\/fr\/communique-de-presse\/la-ccla-nomme-un-nouveau-conseiller-special-pour-les-questions-indigenes\/\" \/>\n<meta property=\"og:site_name\" content=\"CCLA\" \/>\n<meta property=\"article:published_time\" content=\"2022-04-05T14:43:17+00:00\" \/>\n<meta property=\"article:modified_time\" content=\"2022-04-05T14:49:59+00:00\" \/>\n<meta property=\"og:image\" content=\"https:\/\/ccla.org\/wp-content\/uploads\/2021\/06\/CCCL_general_crowd_2000x800.jpg\" \/>\n\t<meta property=\"og:image:width\" content=\"2000\" \/>\n\t<meta property=\"og:image:height\" content=\"800\" \/>\n\t<meta property=\"og:image:type\" content=\"image\/jpeg\" \/>\n<meta name=\"author\" content=\"CCLA\" \/>\n<meta name=\"twitter:card\" content=\"summary_large_image\" \/>\n<meta name=\"twitter:label1\" content=\"\u00c9crit par\" \/>\n\t<meta name=\"twitter:data1\" content=\"CCLA\" \/>\n\t<meta name=\"twitter:label2\" content=\"Estimation du temps de lecture\" \/>\n\t<meta name=\"twitter:data2\" content=\"2 minutes\" \/>\n<script type=\"application\/ld+json\" class=\"yoast-schema-graph\">{\"@context\":\"https:\/\/schema.org\",\"@graph\":[{\"@type\":\"WebPage\",\"@id\":\"https:\/\/ccla.org\/press-release\/ccla-appoints-new-special-advisor-indigenous-issues\/\",\"url\":\"https:\/\/ccla.org\/press-release\/ccla-appoints-new-special-advisor-indigenous-issues\/\",\"name\":\"CCLA Appoints New Special Advisor, Indigenous Issues - CCLA\",\"isPartOf\":{\"@id\":\"https:\/\/ccla.org\/#website\"},\"primaryImageOfPage\":{\"@id\":\"https:\/\/ccla.org\/press-release\/ccla-appoints-new-special-advisor-indigenous-issues\/#primaryimage\"},\"image\":{\"@id\":\"https:\/\/ccla.org\/press-release\/ccla-appoints-new-special-advisor-indigenous-issues\/#primaryimage\"},\"thumbnailUrl\":\"https:\/\/ccla.org\/wp-content\/uploads\/2021\/06\/CCCL_general_crowd_2000x800.jpg\",\"datePublished\":\"2022-04-05T14:43:17+00:00\",\"dateModified\":\"2022-04-05T14:49:59+00:00\",\"author\":{\"@id\":\"https:\/\/ccla.org\/#\/schema\/person\/8340210ad747e50e21e040b101a55d8d\"},\"breadcrumb\":{\"@id\":\"https:\/\/ccla.org\/press-release\/ccla-appoints-new-special-advisor-indigenous-issues\/#breadcrumb\"},\"inLanguage\":\"fr-CA\",\"potentialAction\":[{\"@type\":\"ReadAction\",\"target\":[\"https:\/\/ccla.org\/press-release\/ccla-appoints-new-special-advisor-indigenous-issues\/\"]}]},{\"@type\":\"ImageObject\",\"inLanguage\":\"fr-CA\",\"@id\":\"https:\/\/ccla.org\/press-release\/ccla-appoints-new-special-advisor-indigenous-issues\/#primaryimage\",\"url\":\"https:\/\/ccla.org\/wp-content\/uploads\/2021\/06\/CCCL_general_crowd_2000x800.jpg\",\"contentUrl\":\"https:\/\/ccla.org\/wp-content\/uploads\/2021\/06\/CCCL_general_crowd_2000x800.jpg\",\"width\":2000,\"height\":800},{\"@type\":\"BreadcrumbList\",\"@id\":\"https:\/\/ccla.org\/press-release\/ccla-appoints-new-special-advisor-indigenous-issues\/#breadcrumb\",\"itemListElement\":[{\"@type\":\"ListItem\",\"position\":1,\"name\":\"Home\",\"item\":\"https:\/\/ccla.org\/\"},{\"@type\":\"ListItem\",\"position\":2,\"name\":\"PRESS RELEASES\",\"item\":\"https:\/\/ccla.org\/category\/press-release\/\"},{\"@type\":\"ListItem\",\"position\":3,\"name\":\"CCLA Appoints New Special Advisor, Indigenous Issues\"}]},{\"@type\":\"WebSite\",\"@id\":\"https:\/\/ccla.org\/#website\",\"url\":\"https:\/\/ccla.org\/\",\"name\":\"CCLA\",\"description\":\"\",\"potentialAction\":[{\"@type\":\"SearchAction\",\"target\":{\"@type\":\"EntryPoint\",\"urlTemplate\":\"https:\/\/ccla.org\/?s={search_term_string}\"},\"query-input\":{\"@type\":\"PropertyValueSpecification\",\"valueRequired\":true,\"valueName\":\"search_term_string\"}}],\"inLanguage\":\"fr-CA\"},{\"@type\":\"Person\",\"@id\":\"https:\/\/ccla.org\/#\/schema\/person\/8340210ad747e50e21e040b101a55d8d\",\"name\":\"CCLA\",\"image\":{\"@type\":\"ImageObject\",\"inLanguage\":\"fr-CA\",\"@id\":\"https:\/\/ccla.org\/#\/schema\/person\/image\/\",\"url\":\"https:\/\/secure.gravatar.com\/avatar\/8b870059ce8f35a3967c509e5d35c55a?s=96&d=blank&r=g\",\"contentUrl\":\"https:\/\/secure.gravatar.com\/avatar\/8b870059ce8f35a3967c509e5d35c55a?s=96&d=blank&r=g\",\"caption\":\"CCLA\"},\"url\":\"https:\/\/ccla.org\/fr\/author\/ccla\/\"}]}<\/script>\n<!-- \/ Yoast SEO plugin. -->","yoast_head_json":{"title":"CCLA Appoints New Special Advisor, Indigenous Issues - CCLA","robots":{"index":"index","follow":"follow","max-snippet":"max-snippet:-1","max-image-preview":"max-image-preview:large","max-video-preview":"max-video-preview:-1"},"canonical":"https:\/\/ccla.org\/fr\/communique-de-presse\/la-ccla-nomme-un-nouveau-conseiller-special-pour-les-questions-indigenes\/","og_locale":"fr_CA","og_type":"article","og_title":"CCLA Appoints New Special Advisor, Indigenous Issues - CCLA","og_description":"The Canadian Civil Liberties Association has appointed Alain Bartleman as its Special Advisor, Indigenous Issues.","og_url":"https:\/\/ccla.org\/fr\/communique-de-presse\/la-ccla-nomme-un-nouveau-conseiller-special-pour-les-questions-indigenes\/","og_site_name":"CCLA","article_published_time":"2022-04-05T14:43:17+00:00","article_modified_time":"2022-04-05T14:49:59+00:00","og_image":[{"width":2000,"height":800,"url":"https:\/\/ccla.org\/wp-content\/uploads\/2021\/06\/CCCL_general_crowd_2000x800.jpg","type":"image\/jpeg"}],"author":"CCLA","twitter_card":"summary_large_image","twitter_misc":{"\u00c9crit par":"CCLA","Estimation du temps de lecture":"2 minutes"},"schema":{"@context":"https:\/\/schema.org","@graph":[{"@type":"WebPage","@id":"https:\/\/ccla.org\/press-release\/ccla-appoints-new-special-advisor-indigenous-issues\/","url":"https:\/\/ccla.org\/press-release\/ccla-appoints-new-special-advisor-indigenous-issues\/","name":"CCLA Appoints New Special Advisor, Indigenous Issues - CCLA","isPartOf":{"@id":"https:\/\/ccla.org\/#website"},"primaryImageOfPage":{"@id":"https:\/\/ccla.org\/press-release\/ccla-appoints-new-special-advisor-indigenous-issues\/#primaryimage"},"image":{"@id":"https:\/\/ccla.org\/press-release\/ccla-appoints-new-special-advisor-indigenous-issues\/#primaryimage"},"thumbnailUrl":"https:\/\/ccla.org\/wp-content\/uploads\/2021\/06\/CCCL_general_crowd_2000x800.jpg","datePublished":"2022-04-05T14:43:17+00:00","dateModified":"2022-04-05T14:49:59+00:00","author":{"@id":"https:\/\/ccla.org\/#\/schema\/person\/8340210ad747e50e21e040b101a55d8d"},"breadcrumb":{"@id":"https:\/\/ccla.org\/press-release\/ccla-appoints-new-special-advisor-indigenous-issues\/#breadcrumb"},"inLanguage":"fr-CA","potentialAction":[{"@type":"ReadAction","target":["https:\/\/ccla.org\/press-release\/ccla-appoints-new-special-advisor-indigenous-issues\/"]}]},{"@type":"ImageObject","inLanguage":"fr-CA","@id":"https:\/\/ccla.org\/press-release\/ccla-appoints-new-special-advisor-indigenous-issues\/#primaryimage","url":"https:\/\/ccla.org\/wp-content\/uploads\/2021\/06\/CCCL_general_crowd_2000x800.jpg","contentUrl":"https:\/\/ccla.org\/wp-content\/uploads\/2021\/06\/CCCL_general_crowd_2000x800.jpg","width":2000,"height":800},{"@type":"BreadcrumbList","@id":"https:\/\/ccla.org\/press-release\/ccla-appoints-new-special-advisor-indigenous-issues\/#breadcrumb","itemListElement":[{"@type":"ListItem","position":1,"name":"Home","item":"https:\/\/ccla.org\/"},{"@type":"ListItem","position":2,"name":"PRESS RELEASES","item":"https:\/\/ccla.org\/category\/press-release\/"},{"@type":"ListItem","position":3,"name":"CCLA Appoints New Special Advisor, Indigenous Issues"}]},{"@type":"WebSite","@id":"https:\/\/ccla.org\/#website","url":"https:\/\/ccla.org\/","name":"CCLA","description":"","potentialAction":[{"@type":"SearchAction","target":{"@type":"EntryPoint","urlTemplate":"https:\/\/ccla.org\/?s={search_term_string}"},"query-input":{"@type":"PropertyValueSpecification","valueRequired":true,"valueName":"search_term_string"}}],"inLanguage":"fr-CA"},{"@type":"Person","@id":"https:\/\/ccla.org\/#\/schema\/person\/8340210ad747e50e21e040b101a55d8d","name":"CCLA","image":{"@type":"ImageObject","inLanguage":"fr-CA","@id":"https:\/\/ccla.org\/#\/schema\/person\/image\/","url":"https:\/\/secure.gravatar.com\/avatar\/8b870059ce8f35a3967c509e5d35c55a?s=96&d=blank&r=g","contentUrl":"https:\/\/secure.gravatar.com\/avatar\/8b870059ce8f35a3967c509e5d35c55a?s=96&d=blank&r=g","caption":"CCLA"},"url":"https:\/\/ccla.org\/fr\/author\/ccla\/"}]}},"_links":{"self":[{"href":"https:\/\/ccla.org\/fr\/wp-json\/wp\/v2\/posts\/7391","targetHints":{"allow":["GET"]}}],"collection":[{"href":"https:\/\/ccla.org\/fr\/wp-json\/wp\/v2\/posts"}],"about":[{"href":"https:\/\/ccla.org\/fr\/wp-json\/wp\/v2\/types\/post"}],"author":[{"embeddable":true,"href":"https:\/\/ccla.org\/fr\/wp-json\/wp\/v2\/users\/4"}],"replies":[{"embeddable":true,"href":"https:\/\/ccla.org\/fr\/wp-json\/wp\/v2\/comments?post=7391"}],"version-history":[{"count":4,"href":"https:\/\/ccla.org\/fr\/wp-json\/wp\/v2\/posts\/7391\/revisions"}],"predecessor-version":[{"id":7395,"href":"https:\/\/ccla.org\/fr\/wp-json\/wp\/v2\/posts\/7391\/revisions\/7395"}],"wp:featuredmedia":[{"embeddable":true,"href":"https:\/\/ccla.org\/fr\/wp-json\/wp\/v2\/media\/1351"}],"wp:attachment":[{"href":"https:\/\/ccla.org\/fr\/wp-json\/wp\/v2\/media?parent=7391"}],"wp:term":[{"taxonomy":"category","embeddable":true,"href":"https:\/\/ccla.org\/fr\/wp-json\/wp\/v2\/categories?post=7391"},{"taxonomy":"post_tag","embeddable":true,"href":"https:\/\/ccla.org\/fr\/wp-json\/wp\/v2\/tags?post=7391"}],"curies":[{"name":"wp","href":"https:\/\/api.w.org\/{rel}","templated":true}]}}