{"id":4821,"date":"2020-09-24T21:24:52","date_gmt":"2020-09-24T21:24:52","guid":{"rendered":"https:\/\/ccla.org\/?p=4821"},"modified":"2021-07-08T21:33:09","modified_gmt":"2021-07-08T21:33:09","slug":"montreal-makes-history-to-promote-transparency-and-protect-privacy","status":"publish","type":"post","link":"https:\/\/ccla.org\/fr\/intimite\/technologie-de-surveillance\/surveillance-des-visages\/montreal-makes-history-to-promote-transparency-and-protect-privacy\/","title":{"rendered":"Montr\u00e9al entre dans l&#039;histoire pour promouvoir la transparence et prot\u00e9ger la vie priv\u00e9e."},"content":{"rendered":"","protected":false},"excerpt":{"rendered":"<p>You probably missed the landmark decision by a major Canadian law-maker this week, striking a blow for privacy and civil liberties in Canada. But we<br \/>\nare cheering the development. <\/p>","protected":false},"author":4,"featured_media":4822,"comment_status":"closed","ping_status":"closed","sticky":false,"template":"","format":"link","meta":{"footnotes":""},"categories":[141,82,11,88],"tags":[],"class_list":{"0":"post-4821","1":"post","2":"type-post","3":"status-publish","4":"format-link","5":"has-post-thumbnail","7":"category-face-surveillance","8":"category-police-powers-accountability","9":"category-privacy","10":"category-surveillance-technology","11":"post_format-post-format-link"},"yoast_head":"<!-- This site is optimized with the Yoast SEO plugin v24.7 - https:\/\/yoast.com\/wordpress\/plugins\/seo\/ -->\n<title>Montreal makes history to promote transparency and protect privacy. - CCLA<\/title>\n<meta name=\"robots\" content=\"index, follow, max-snippet:-1, max-image-preview:large, max-video-preview:-1\" \/>\n<link rel=\"canonical\" href=\"https:\/\/ccla.org\/fr\/intimite\/technologie-de-surveillance\/surveillance-des-visages\/montreal-makes-history-to-promote-transparency-and-protect-privacy\/\" \/>\n<meta property=\"og:locale\" content=\"fr_CA\" \/>\n<meta property=\"og:type\" content=\"article\" \/>\n<meta property=\"og:title\" content=\"Montreal makes history to promote transparency and protect privacy. - CCLA\" \/>\n<meta property=\"og:description\" content=\"You probably missed the landmark decision by a major Canadian law-maker this week, striking a blow for privacy and civil liberties in Canada. But we are cheering the development.\" \/>\n<meta property=\"og:url\" content=\"https:\/\/ccla.org\/fr\/intimite\/technologie-de-surveillance\/surveillance-des-visages\/montreal-makes-history-to-promote-transparency-and-protect-privacy\/\" \/>\n<meta property=\"og:site_name\" content=\"CCLA\" \/>\n<meta property=\"article:published_time\" content=\"2020-09-24T21:24:52+00:00\" \/>\n<meta property=\"article:modified_time\" content=\"2021-07-08T21:33:09+00:00\" \/>\n<meta property=\"og:image\" content=\"https:\/\/ccla.org\/wp-content\/uploads\/2021\/07\/WeTakeMontreal.jpg\" \/>\n\t<meta property=\"og:image:width\" content=\"808\" \/>\n\t<meta property=\"og:image:height\" content=\"398\" \/>\n\t<meta property=\"og:image:type\" content=\"image\/jpeg\" \/>\n<meta name=\"author\" content=\"CCLA\" \/>\n<meta name=\"twitter:card\" content=\"summary_large_image\" \/>\n<meta name=\"twitter:label1\" content=\"\u00c9crit par\" \/>\n\t<meta name=\"twitter:data1\" content=\"CCLA\" \/>\n<script type=\"application\/ld+json\" class=\"yoast-schema-graph\">{\"@context\":\"https:\/\/schema.org\",\"@graph\":[{\"@type\":\"WebPage\",\"@id\":\"https:\/\/ccla.org\/fr\/privacy\/surveillance-technology\/face-surveillance\/montreal-makes-history-to-promote-transparency-and-protect-privacy\/\",\"url\":\"https:\/\/ccla.org\/fr\/privacy\/surveillance-technology\/face-surveillance\/montreal-makes-history-to-promote-transparency-and-protect-privacy\/\",\"name\":\"Montreal makes history to promote transparency and protect privacy. - CCLA\",\"isPartOf\":{\"@id\":\"https:\/\/ccla.org\/#website\"},\"primaryImageOfPage\":{\"@id\":\"https:\/\/ccla.org\/fr\/privacy\/surveillance-technology\/face-surveillance\/montreal-makes-history-to-promote-transparency-and-protect-privacy\/#primaryimage\"},\"image\":{\"@id\":\"https:\/\/ccla.org\/fr\/privacy\/surveillance-technology\/face-surveillance\/montreal-makes-history-to-promote-transparency-and-protect-privacy\/#primaryimage\"},\"thumbnailUrl\":\"https:\/\/ccla.org\/wp-content\/uploads\/2021\/07\/WeTakeMontreal.jpg\",\"datePublished\":\"2020-09-24T21:24:52+00:00\",\"dateModified\":\"2021-07-08T21:33:09+00:00\",\"author\":{\"@id\":\"https:\/\/ccla.org\/#\/schema\/person\/8340210ad747e50e21e040b101a55d8d\"},\"breadcrumb\":{\"@id\":\"https:\/\/ccla.org\/fr\/privacy\/surveillance-technology\/face-surveillance\/montreal-makes-history-to-promote-transparency-and-protect-privacy\/#breadcrumb\"},\"inLanguage\":\"fr-CA\",\"potentialAction\":[{\"@type\":\"ReadAction\",\"target\":[\"https:\/\/ccla.org\/fr\/privacy\/surveillance-technology\/face-surveillance\/montreal-makes-history-to-promote-transparency-and-protect-privacy\/\"]}]},{\"@type\":\"ImageObject\",\"inLanguage\":\"fr-CA\",\"@id\":\"https:\/\/ccla.org\/fr\/privacy\/surveillance-technology\/face-surveillance\/montreal-makes-history-to-promote-transparency-and-protect-privacy\/#primaryimage\",\"url\":\"https:\/\/ccla.org\/wp-content\/uploads\/2021\/07\/WeTakeMontreal.jpg\",\"contentUrl\":\"https:\/\/ccla.org\/wp-content\/uploads\/2021\/07\/WeTakeMontreal.jpg\",\"width\":808,\"height\":398},{\"@type\":\"BreadcrumbList\",\"@id\":\"https:\/\/ccla.org\/fr\/privacy\/surveillance-technology\/face-surveillance\/montreal-makes-history-to-promote-transparency-and-protect-privacy\/#breadcrumb\",\"itemListElement\":[{\"@type\":\"ListItem\",\"position\":1,\"name\":\"Home\",\"item\":\"https:\/\/ccla.org\/\"},{\"@type\":\"ListItem\",\"position\":2,\"name\":\"PRIVACY\",\"item\":\"https:\/\/ccla.org\/category\/privacy\/\"},{\"@type\":\"ListItem\",\"position\":3,\"name\":\"Surveillance &amp; Technology\",\"item\":\"https:\/\/ccla.org\/category\/privacy\/surveillance-technology\/\"},{\"@type\":\"ListItem\",\"position\":4,\"name\":\"Face Surveillance\",\"item\":\"https:\/\/ccla.org\/category\/privacy\/surveillance-technology\/face-surveillance\/\"},{\"@type\":\"ListItem\",\"position\":5,\"name\":\"Montreal makes history to promote transparency and protect privacy.\"}]},{\"@type\":\"WebSite\",\"@id\":\"https:\/\/ccla.org\/#website\",\"url\":\"https:\/\/ccla.org\/\",\"name\":\"CCLA\",\"description\":\"\",\"potentialAction\":[{\"@type\":\"SearchAction\",\"target\":{\"@type\":\"EntryPoint\",\"urlTemplate\":\"https:\/\/ccla.org\/?s={search_term_string}\"},\"query-input\":{\"@type\":\"PropertyValueSpecification\",\"valueRequired\":true,\"valueName\":\"search_term_string\"}}],\"inLanguage\":\"fr-CA\"},{\"@type\":\"Person\",\"@id\":\"https:\/\/ccla.org\/#\/schema\/person\/8340210ad747e50e21e040b101a55d8d\",\"name\":\"CCLA\",\"image\":{\"@type\":\"ImageObject\",\"inLanguage\":\"fr-CA\",\"@id\":\"https:\/\/ccla.org\/#\/schema\/person\/image\/\",\"url\":\"https:\/\/secure.gravatar.com\/avatar\/8b870059ce8f35a3967c509e5d35c55a?s=96&d=blank&r=g\",\"contentUrl\":\"https:\/\/secure.gravatar.com\/avatar\/8b870059ce8f35a3967c509e5d35c55a?s=96&d=blank&r=g\",\"caption\":\"CCLA\"},\"url\":\"https:\/\/ccla.org\/fr\/author\/ccla\/\"}]}<\/script>\n<!-- \/ Yoast SEO plugin. -->","yoast_head_json":{"title":"Montreal makes history to promote transparency and protect privacy. - CCLA","robots":{"index":"index","follow":"follow","max-snippet":"max-snippet:-1","max-image-preview":"max-image-preview:large","max-video-preview":"max-video-preview:-1"},"canonical":"https:\/\/ccla.org\/fr\/intimite\/technologie-de-surveillance\/surveillance-des-visages\/montreal-makes-history-to-promote-transparency-and-protect-privacy\/","og_locale":"fr_CA","og_type":"article","og_title":"Montreal makes history to promote transparency and protect privacy. - CCLA","og_description":"You probably missed the landmark decision by a major Canadian law-maker this week, striking a blow for privacy and civil liberties in Canada. But we are cheering the development.","og_url":"https:\/\/ccla.org\/fr\/intimite\/technologie-de-surveillance\/surveillance-des-visages\/montreal-makes-history-to-promote-transparency-and-protect-privacy\/","og_site_name":"CCLA","article_published_time":"2020-09-24T21:24:52+00:00","article_modified_time":"2021-07-08T21:33:09+00:00","og_image":[{"width":808,"height":398,"url":"https:\/\/ccla.org\/wp-content\/uploads\/2021\/07\/WeTakeMontreal.jpg","type":"image\/jpeg"}],"author":"CCLA","twitter_card":"summary_large_image","twitter_misc":{"\u00c9crit par":"CCLA"},"schema":{"@context":"https:\/\/schema.org","@graph":[{"@type":"WebPage","@id":"https:\/\/ccla.org\/fr\/privacy\/surveillance-technology\/face-surveillance\/montreal-makes-history-to-promote-transparency-and-protect-privacy\/","url":"https:\/\/ccla.org\/fr\/privacy\/surveillance-technology\/face-surveillance\/montreal-makes-history-to-promote-transparency-and-protect-privacy\/","name":"Montreal makes history to promote transparency and protect privacy. - CCLA","isPartOf":{"@id":"https:\/\/ccla.org\/#website"},"primaryImageOfPage":{"@id":"https:\/\/ccla.org\/fr\/privacy\/surveillance-technology\/face-surveillance\/montreal-makes-history-to-promote-transparency-and-protect-privacy\/#primaryimage"},"image":{"@id":"https:\/\/ccla.org\/fr\/privacy\/surveillance-technology\/face-surveillance\/montreal-makes-history-to-promote-transparency-and-protect-privacy\/#primaryimage"},"thumbnailUrl":"https:\/\/ccla.org\/wp-content\/uploads\/2021\/07\/WeTakeMontreal.jpg","datePublished":"2020-09-24T21:24:52+00:00","dateModified":"2021-07-08T21:33:09+00:00","author":{"@id":"https:\/\/ccla.org\/#\/schema\/person\/8340210ad747e50e21e040b101a55d8d"},"breadcrumb":{"@id":"https:\/\/ccla.org\/fr\/privacy\/surveillance-technology\/face-surveillance\/montreal-makes-history-to-promote-transparency-and-protect-privacy\/#breadcrumb"},"inLanguage":"fr-CA","potentialAction":[{"@type":"ReadAction","target":["https:\/\/ccla.org\/fr\/privacy\/surveillance-technology\/face-surveillance\/montreal-makes-history-to-promote-transparency-and-protect-privacy\/"]}]},{"@type":"ImageObject","inLanguage":"fr-CA","@id":"https:\/\/ccla.org\/fr\/privacy\/surveillance-technology\/face-surveillance\/montreal-makes-history-to-promote-transparency-and-protect-privacy\/#primaryimage","url":"https:\/\/ccla.org\/wp-content\/uploads\/2021\/07\/WeTakeMontreal.jpg","contentUrl":"https:\/\/ccla.org\/wp-content\/uploads\/2021\/07\/WeTakeMontreal.jpg","width":808,"height":398},{"@type":"BreadcrumbList","@id":"https:\/\/ccla.org\/fr\/privacy\/surveillance-technology\/face-surveillance\/montreal-makes-history-to-promote-transparency-and-protect-privacy\/#breadcrumb","itemListElement":[{"@type":"ListItem","position":1,"name":"Home","item":"https:\/\/ccla.org\/"},{"@type":"ListItem","position":2,"name":"PRIVACY","item":"https:\/\/ccla.org\/category\/privacy\/"},{"@type":"ListItem","position":3,"name":"Surveillance &amp; Technology","item":"https:\/\/ccla.org\/category\/privacy\/surveillance-technology\/"},{"@type":"ListItem","position":4,"name":"Face Surveillance","item":"https:\/\/ccla.org\/category\/privacy\/surveillance-technology\/face-surveillance\/"},{"@type":"ListItem","position":5,"name":"Montreal makes history to promote transparency and protect privacy."}]},{"@type":"WebSite","@id":"https:\/\/ccla.org\/#website","url":"https:\/\/ccla.org\/","name":"CCLA","description":"","potentialAction":[{"@type":"SearchAction","target":{"@type":"EntryPoint","urlTemplate":"https:\/\/ccla.org\/?s={search_term_string}"},"query-input":{"@type":"PropertyValueSpecification","valueRequired":true,"valueName":"search_term_string"}}],"inLanguage":"fr-CA"},{"@type":"Person","@id":"https:\/\/ccla.org\/#\/schema\/person\/8340210ad747e50e21e040b101a55d8d","name":"CCLA","image":{"@type":"ImageObject","inLanguage":"fr-CA","@id":"https:\/\/ccla.org\/#\/schema\/person\/image\/","url":"https:\/\/secure.gravatar.com\/avatar\/8b870059ce8f35a3967c509e5d35c55a?s=96&d=blank&r=g","contentUrl":"https:\/\/secure.gravatar.com\/avatar\/8b870059ce8f35a3967c509e5d35c55a?s=96&d=blank&r=g","caption":"CCLA"},"url":"https:\/\/ccla.org\/fr\/author\/ccla\/"}]}},"_links":{"self":[{"href":"https:\/\/ccla.org\/fr\/wp-json\/wp\/v2\/posts\/4821","targetHints":{"allow":["GET"]}}],"collection":[{"href":"https:\/\/ccla.org\/fr\/wp-json\/wp\/v2\/posts"}],"about":[{"href":"https:\/\/ccla.org\/fr\/wp-json\/wp\/v2\/types\/post"}],"author":[{"embeddable":true,"href":"https:\/\/ccla.org\/fr\/wp-json\/wp\/v2\/users\/4"}],"replies":[{"embeddable":true,"href":"https:\/\/ccla.org\/fr\/wp-json\/wp\/v2\/comments?post=4821"}],"version-history":[{"count":1,"href":"https:\/\/ccla.org\/fr\/wp-json\/wp\/v2\/posts\/4821\/revisions"}],"predecessor-version":[{"id":4824,"href":"https:\/\/ccla.org\/fr\/wp-json\/wp\/v2\/posts\/4821\/revisions\/4824"}],"wp:featuredmedia":[{"embeddable":true,"href":"https:\/\/ccla.org\/fr\/wp-json\/wp\/v2\/media\/4822"}],"wp:attachment":[{"href":"https:\/\/ccla.org\/fr\/wp-json\/wp\/v2\/media?parent=4821"}],"wp:term":[{"taxonomy":"category","embeddable":true,"href":"https:\/\/ccla.org\/fr\/wp-json\/wp\/v2\/categories?post=4821"},{"taxonomy":"post_tag","embeddable":true,"href":"https:\/\/ccla.org\/fr\/wp-json\/wp\/v2\/tags?post=4821"}],"curies":[{"name":"wp","href":"https:\/\/api.w.org\/{rel}","templated":true}]}}