{"id":3129,"date":"2015-05-19T02:14:05","date_gmt":"2015-05-19T02:14:05","guid":{"rendered":"https:\/\/ccla.org\/?p=3129"},"modified":"2021-09-09T18:12:51","modified_gmt":"2021-09-09T18:12:51","slug":"frequently-asked-questions-regarding-change-of-name-for-trans-persons","status":"publish","type":"post","link":"https:\/\/ccla.org\/fr\/sinformer\/droits-de-parole\/questions-frequemment-posees-concernant-le-changement-de-nom-pour-les-personnes-transgenres\/","title":{"rendered":"Foire aux questions concernant le changement de nom pour les personnes trans"},"content":{"rendered":"<div id=\"fws_69eff25e4b823\"  data-column-margin=\"default\" data-midnight=\"dark\"  class=\"wpb_row vc_row-fluid vc_row\"  style=\"padding-top: 0px; padding-bottom: 0px; \"><div class=\"row-bg-wrap\" data-bg-animation=\"none\" data-bg-animation-delay=\"\" data-bg-overlay=\"false\"><div class=\"inner-wrap row-bg-layer\" ><div class=\"row-bg viewport-desktop\"  style=\"\"><\/div><\/div><\/div><div class=\"row_col_wrap_12 col span_12 dark left\">\n\t<div  class=\"vc_col-sm-12 wpb_column column_container vc_column_container col no-extra-padding inherit_tablet inherit_phone\"  data-padding-pos=\"all\" data-has-bg-color=\"false\" data-bg-color=\"\" data-bg-opacity=\"1\" data-animation=\"\" data-delay=\"0\" >\n\t\t<div class=\"vc_column-inner\" >\n\t\t\t<div class=\"wpb_wrapper\">\n\t\t\t\t\n\t\t<div id=\"fws_69eff25e4bc33\"  data-column-margin=\"default\" data-midnight=\"dark\"  class=\"wpb_row vc_row-fluid vc_row full-width-section\"  style=\"padding-top: 0px; padding-bottom: 0px; \"><div class=\"row-bg-wrap\" data-bg-animation=\"none\" data-bg-animation-delay=\"\" data-bg-overlay=\"true\"><div class=\"inner-wrap row-bg-layer\" ><div class=\"row-bg viewport-desktop\"  style=\"\"><\/div><\/div><div class=\"row-bg-overlay row-bg-layer\" style=\"background: rgba(0,0,0,0.3); background: linear-gradient(to bottom,rgba(0,0,0,0.3) 0%,rgba(238,238,238,0.01) 100%);  opacity: 0.5; \"><\/div><\/div><div class=\"row_col_wrap_12 col span_12 dark left\">\n\t<div  class=\"vc_col-sm-12 wpb_column column_container vc_column_container col no-extra-padding inherit_tablet inherit_phone\"  data-padding-pos=\"all\" data-has-bg-color=\"false\" data-bg-color=\"\" data-bg-opacity=\"1\" data-animation=\"\" data-delay=\"0\" >\n\t\t<div class=\"vc_column-inner\" >\n\t\t\t<div class=\"wpb_wrapper\">\n\t\t\t\t<div class=\"divider-wrap\" data-alignment=\"default\"><div style=\"height: 10px;\" class=\"divider\"><\/div><\/div>\n\t\t\t<\/div> \n\t\t<\/div>\n\t<\/div> \n<\/div><\/div>\n\n\t\t\t<\/div> \n\t\t<\/div>\n\t<\/div> \n<\/div><\/div>\n\t\t<div id=\"fws_69eff25e4c06a\"  data-column-margin=\"default\" data-midnight=\"dark\" data-top-percent=\"4%\" data-bottom-percent=\"4%\"  class=\"wpb_row vc_row-fluid vc_row full-width-section post-links\"  style=\"padding-top: calc(100vw * 0.04); padding-bottom: calc(100vw * 0.04); \"><div class=\"row-bg-wrap\" data-bg-animation=\"none\" data-bg-animation-delay=\"\" data-bg-overlay=\"false\"><div class=\"inner-wrap row-bg-layer\" ><div class=\"row-bg viewport-desktop\"  style=\"\"><\/div><\/div><\/div><div class=\"row_col_wrap_12 col span_12 dark left\">\n\t<div  class=\"vc_col-sm-12 wpb_column column_container vc_column_container col no-extra-padding inherit_tablet inherit_phone\"  data-padding-pos=\"all\" data-has-bg-color=\"false\" data-bg-color=\"\" data-bg-opacity=\"1\" data-animation=\"\" data-delay=\"0\" >\n\t\t<div class=\"vc_column-inner\" >\n\t\t\t<div class=\"wpb_wrapper\">\n\t\t\t\t<div class=\"divider-wrap\" data-alignment=\"default\"><div style=\"height: 30px;\" class=\"divider\"><\/div><\/div>\n<div class=\"wpb_text_column wpb_content_element\" >\n\t<div class=\"wpb_wrapper\">\n\t\t<div class=\"entry-meta\">\n<p><strong><span class=\"posted-on\"><time class=\"entry-date published\" datetime=\"2015-05-19T11:17:24-04:00\">19 mai 2015<\/time><\/span><\/strong><\/p>\n<\/div>\n<div class=\"shapely-content\">\n<p class=\"p1\"><span class=\"s1\"><i>Comme tout le contenu de ce site Web, ce document n&#039;est pas un avis juridique et est fourni uniquement \u00e0 des fins d&#039;information et d&#039;\u00e9ducation du public. Si vous \u00eates confront\u00e9 \u00e0 un probl\u00e8me juridique ou si vous avez une question concernant votre situation sp\u00e9cifique, vous devriez envisager de demander un avis juridique ind\u00e9pendant. Vous pouvez trouver une liste de cliniques juridiques et d&#039;autres ressources pour vous aider ici.\u00a0<strong>Veuillez noter que ce mat\u00e9riel a \u00e9t\u00e9 mis \u00e0 jour pour la derni\u00e8re fois en 2015.<\/strong><\/i><\/span><\/p>\n<p class=\"p1\"><span class=\"s1\"><i>L&#039;ACLC est une organisation nationale qui travaille \u00e0 prot\u00e9ger et \u00e0 promouvoir les droits humains fondamentaux et les libert\u00e9s civiles. Pour remplir ce mandat, l&#039;ACLC se concentre sur les litiges, la r\u00e9forme du droit, la d\u00e9fense des int\u00e9r\u00eats et l&#039;\u00e9ducation du public. Notre organisation n&#039;est pas une clinique juridique. \u00c0 ce titre, nous ne sommes g\u00e9n\u00e9ralement pas en mesure de fournir aux membres du public des conseils juridiques ou une repr\u00e9sentation juridique directe. Cependant, nous essayons de fournir des informations juridiques g\u00e9n\u00e9rales et des r\u00e9f\u00e9rences appropri\u00e9es lorsque cela est possible. Pour toute question concernant ce document, envoyez un e-mail \u00e0 publicenquiries [at] ccla [dot] org.<\/i><\/span><\/p>\n<h3 class=\"p1\"><span class=\"s1\" style=\"color: #1e5799;\"><b>Comment les personnes trans peuvent-elles changer le nom sur leurs documents d&#039;identification ?<\/b><\/span><\/h3>\n<p class=\"p1\"><span class=\"s2\">Ce guide se concentre sur les questions relatives \u00e0 la fa\u00e7on dont les personnes trans peuvent changer le nom utilis\u00e9 sur leurs documents d&#039;identification. Pour savoir comment les personnes trans peuvent l\u00e9galement changer la d\u00e9signation du sexe sur leur acte de naissance,\u00a0<a href=\"https:\/\/ccla.org\/fr\/cclanewsite\/?p=22738\" target=\"_blank\" rel=\"noopener\">voir ce guide<\/a>.<\/span><\/p>\n<p class=\"p1\"><span class=\"s2\">Cette page est destin\u00e9e \u00e0 aider les personnes trans avec des probl\u00e8mes li\u00e9s au changement du nom utilis\u00e9 sur leurs documents d&#039;identification. En tant que telles, certaines de ces informations peuvent ne pas \u00eatre utiles \u00e0 ceux qui cherchent \u00e0 changer leur nom pour une autre raison, comme le mariage ou le divorce.<\/span><\/p>\n<p>Pour ceux qui recherchent de l&#039;aide en personne, Pro Bono Students Canada a lanc\u00e9 le programme\u00a0<a href=\"https:\/\/www.huffingtonpost.ca\/2018\/05\/04\/transgender-identification_a_23426457\/\" target=\"_blank\" rel=\"noopener\">Clinique d&#039;identification trans<\/a>, en partenariat avec Blakes, Cassels &amp; Graydon LLP et SKETCH, une organisation artistique torontoise pour les jeunes vuln\u00e9rables, pour fournir des informations juridiques gratuites et une assistance pour les demandes de changement de nom (et de marqueur de genre).<\/p>\n<p class=\"p1\"><em><strong><span class=\"s2\">Remarque : Tous les efforts ont \u00e9t\u00e9 d\u00e9ploy\u00e9s pour garantir l&#039;exhaustivit\u00e9 et l&#039;exactitude (en date de janvier 2015). Cependant, cette FAQ peut ne pas refl\u00e9ter enti\u00e8rement l&#039;\u00e9tat actuel de la loi.\u00a0<\/span><\/strong><\/em><\/p>\n<p class=\"p1\"><span class=\"s2\">Nous utilisons le terme \u00ab trans \u00bb pour inclure toute personne qui ne s&#039;identifie pas \u00e0 la d\u00e9signation de sexe qui lui a \u00e9t\u00e9 attribu\u00e9e \u00e0 la naissance.<\/span><\/p>\n<p class=\"p1\"><span class=\"s1\">Questions abord\u00e9es dans cette FAQ :<\/span><\/p>\n<ul>\n<li class=\"p1\"><span class=\"s2\"><i>O\u00f9 puis-je demander un changement de nom ?<\/i><\/span><\/li>\n<li class=\"p1\"><span class=\"s2\"><i>De quels documents ai-je besoin pour ma demande de changement de nom ?<\/i><\/span><\/li>\n<li class=\"p1\"><span class=\"s2\"><i>Le gouvernement peut-il refuser ma demande de changement de nom ?<\/i><\/span><\/li>\n<li class=\"p1\"><span class=\"s2\"><i>Mon changement de nom sera-t-il rendu public ?<\/i><\/span><\/li>\n<li class=\"p1\"><span class=\"s2\"><i>Puis-je postuler si j&#039;ai moins de 18 ou 19 ans ?<\/i><\/span><\/li>\n<li class=\"p1\"><span class=\"s2\"><i>Puis-je pr\u00e9senter une demande m\u00eame si je suis n\u00e9 \u00e0 l&#039;ext\u00e9rieur de ma province\/territoire actuel?<\/i><\/span><\/li>\n<li class=\"p1\"><span class=\"s2\"><i>Quel document vais-je obtenir pour prouver mon nouveau nom ?<\/i><\/span><\/li>\n<li class=\"p1\"><span class=\"s2\"><i>Quels autres documents puis-je modifier pour refl\u00e9ter mon nouveau nom\u00a0?<\/i><\/span><\/li>\n<\/ul>\n<p>Vous pouvez t\u00e9l\u00e9charger un PDF de ce document ici :<strong>\u00a0<a href=\"https:\/\/ccla.org\/wp-content\/uploads\/2021\/06\/CCLA-Change-of-Name-FAQ.pdf\" target=\"_blank\" rel=\"noopener\">FAQ sur le changement de nom de l&#039;ACLC<\/a>.<\/strong><\/p>\n<h3 class=\"p1\"><span class=\"s2\" style=\"color: #1e5799;\"><b>O\u00f9 puis-je demander un changement de nom ?<\/b><\/span><\/h3>\n<p class=\"p1\"><span class=\"s2\">Pr\u00e9sentez une demande \u00e0 l&#039;organisme gouvernemental responsable de l&#039;enregistrement des naissances dans chaque province et territoire. Ces agences sont \u00e9galement responsables des demandes de changement de nom. La plupart des provinces et territoires traiteront votre demande de changement de nom l\u00e9gal si vous y \u00eates n\u00e9 et\/ou y habitez actuellement. Cependant, certaines juridictions ont un temps minimum pour y vivre (discut\u00e9 ci-dessous).<\/span><\/p>\n<p class=\"p1\"><span class=\"s2\">Des formulaires et des renseignements g\u00e9n\u00e9raux sont disponibles sur les sites Web de l&#039;agence pertinente de chaque province ou territoire :<\/span><\/p>\n<table class=\"table table-hover\">\n<tbody>\n<tr>\n<td>Alberta<\/td>\n<td><a href=\"http:\/\/www.servicealberta.gov.ab.ca\/1490.cfm\" target=\"_blank\" rel=\"noopener\"><u>Services Alberta<\/u><\/a><\/td>\n<\/tr>\n<tr>\n<td>Colombie britannique<\/td>\n<td><a href=\"http:\/\/www2.gov.bc.ca\/gov\/topic.page?id=A7453C01BF904C6EA8CDD5194DC5BB2C\" target=\"_blank\" rel=\"noopener\"><u>Agence des statistiques de l&#039;\u00e9tat civil<\/u><\/a><\/td>\n<\/tr>\n<tr>\n<td>Manitoba<\/td>\n<td><a href=\"http:\/\/vitalstats.gov.mb.ca\/change_of_name.html\" target=\"_blank\" rel=\"noopener\"><u>Agence des statistiques de l&#039;\u00e9tat civil<\/u><\/a>\u00a0(comprend les modifications apport\u00e9es en ao\u00fbt 2014)<\/td>\n<\/tr>\n<tr>\n<td>Nouveau-Brunswick<\/td>\n<td><a href=\"http:\/\/www.snb.ca\/e\/1000\/1000-01\/e\/index-e.asp\" target=\"_blank\" rel=\"noopener\"><u>Services Nouveau-Brunswick<\/u><\/a>\u00a0(voir aussi la brochure utile\u00a0<a href=\"http:\/\/www.snb.ca\/e\/1000\/1000-01\/pdf\/P09-07064-B-Name-Nom.pdf\" target=\"_blank\" rel=\"noopener\"><u>ici<\/u><\/a>)<\/td>\n<\/tr>\n<tr>\n<td>Terre-Neuve<\/td>\n<td><a href=\"http:\/\/www.servicenl.gov.nl.ca\/birth\/legal_name_change\/\" target=\"_blank\" rel=\"noopener\"><u>Service NL<\/u><\/a><\/td>\n<\/tr>\n<tr>\n<td>Nouvelle-\u00c9cosse<\/td>\n<td><a href=\"http:\/\/www.novascotia.ca\/snsmr\/access\/vitalstats\/changing-name.asp\" target=\"_blank\" rel=\"noopener\"><u>Service Nouvelle-\u00c9cosse<\/u><\/a>\u00a0(voir aussi la brochure utile\u00a0<a href=\"https:\/\/ccla.org\/wp-content\/uploads\/2021\/06\/trans-health-guide-translegal.pdf\" target=\"_blank\" rel=\"noopener\"><u>ici<\/u><\/a>)<\/td>\n<\/tr>\n<tr>\n<td>Ontario<\/td>\n<td><a href=\"http:\/\/www.ontario.ca\/faq\/how-do-i-apply-legal-name-change\" target=\"_blank\" rel=\"noopener\"><u>ServiceOntario<\/u><\/a><\/td>\n<\/tr>\n<tr>\n<td>\u00cele-du-Prince-\u00c9douard<\/td>\n<td><a href=\"http:\/\/www.gov.pe.ca\/vitalstatistics\/index.php3?number=1020359&amp;lang=E\" target=\"_blank\" rel=\"noopener\"><u>Minist\u00e8re de la Sant\u00e9 et du Mieux-\u00eatre (Statistiques de l&#039;\u00e9tat civil)<\/u><\/a><\/td>\n<\/tr>\n<tr>\n<td>Qu\u00e9bec<\/td>\n<td><a href=\"http:\/\/www.etatcivil.gouv.qc.ca\/en\/change-name.html\" target=\"_blank\" rel=\"noopener\"><u>Directeur de l&#039;\u00e9tat civil<\/u><\/a><\/td>\n<\/tr>\n<tr>\n<td>Saskatchewan<\/td>\n<td><a href=\"http:\/\/www.ehealthsask.ca\/vitalstats\/changingname\/Pages\/default.aspx\" target=\"_blank\" rel=\"noopener\"><u>cyberSant\u00e9 Saskatchewan (Statistiques de l&#039;\u00e9tat civil)<\/u><\/a><\/td>\n<\/tr>\n<tr>\n<td>TN-O.<\/td>\n<td><a href=\"http:\/\/www.hss.gov.nt.ca\/vital-statistics\/changing-your-name\" target=\"_blank\" rel=\"noopener\"><u>Sant\u00e9 et services sociaux (Statistiques de l&#039;\u00e9tat civil)<\/u><\/a><\/td>\n<\/tr>\n<tr>\n<td>Yukon<\/td>\n<td><a href=\"http:\/\/www.hss.gov.yk.ca\/namechange_how.php\" target=\"_blank\" rel=\"noopener\"><u>Sant\u00e9 et services sociaux (Statistiques de l&#039;\u00e9tat civil)<\/u><\/a><\/td>\n<\/tr>\n<tr>\n<td>Nunavut<\/td>\n<td><a href=\"http:\/\/www.gov.nu.ca\/health\/information\/birth-certificate\" target=\"_blank\" rel=\"noopener\"><u>d\u00e9partement de sant\u00e9<\/u><\/a>\u00a0(seules les informations g\u00e9n\u00e9rales sont disponibles)<\/td>\n<\/tr>\n<\/tbody>\n<\/table>\n<h3 class=\"p1\"><span class=\"s2\" style=\"color: #1e5799;\"><b>Puis-je pr\u00e9senter une demande m\u00eame si je suis n\u00e9 \u00e0 l&#039;ext\u00e9rieur de ma province\/territoire actuel?<\/b><\/span><\/h3>\n<p class=\"p1\"><span class=\"s2\">Oui. Toutes les provinces et tous les territoires permettent aux r\u00e9sidents de pr\u00e9senter une demande, m\u00eame si vous \u00eates n\u00e9 dans une autre province, territoire ou pays. Tous (sauf l&#039;Alberta) exigent que vous y ayez v\u00e9cu pendant une p\u00e9riode minimale. Certaines juridictions ont des exigences suppl\u00e9mentaires, par exemple que vous soyez citoyen canadien ou r\u00e9sident permanent. Voici les d\u00e9tails:<\/span><\/p>\n<table class=\"table table-hover\">\n<tbody>\n<tr>\n<td>Alberta<\/td>\n<td>P\u00e9riode de r\u00e9sidence minimale : pas de minimum, mais doit \u00eatre un r\u00e9sident de l&#039;Alberta<\/td>\n<\/tr>\n<tr>\n<td>Colombie britannique<\/td>\n<td>Dur\u00e9e minimale de r\u00e9sidence : 3 mois<\/td>\n<\/tr>\n<tr>\n<td>Manitoba<\/td>\n<td>Dur\u00e9e minimale de r\u00e9sidence : 3 mois<\/td>\n<\/tr>\n<tr>\n<td>Nouveau-Brunswick<\/td>\n<td>Dur\u00e9e minimale de r\u00e9sidence : 3 mois<\/td>\n<\/tr>\n<tr>\n<td>Terre-Neuve-et-Labrador<\/td>\n<td>Dur\u00e9e minimale de r\u00e9sidence : 3 mois<\/td>\n<\/tr>\n<tr>\n<td>Nouvelle-\u00c9cosse<\/td>\n<td>Dur\u00e9e minimale de r\u00e9sidence : 1 an<\/td>\n<\/tr>\n<tr>\n<td>Ontario<\/td>\n<td>Dur\u00e9e minimale de r\u00e9sidence : 1 an<\/td>\n<\/tr>\n<tr>\n<td>\u00cele-du-Prince-\u00c9douard<\/td>\n<td>Dur\u00e9e minimale de r\u00e9sidence : 3 mois<\/td>\n<\/tr>\n<tr>\n<td>Qu\u00e9bec<\/td>\n<td>P\u00e9riode de r\u00e9sidence minimale : 1 anDisponible uniquement si vous \u00eates citoyen canadien<\/td>\n<\/tr>\n<tr>\n<td>Saskatchewan<\/td>\n<td>Dur\u00e9e minimale de r\u00e9sidence : 3 mois<\/td>\n<\/tr>\n<tr>\n<td>Territoires du nord-ouest<\/td>\n<td>P\u00e9riode de r\u00e9sidence minimale : 3 moisSeulement disponible si vous \u00eates citoyen canadien, r\u00e9sident permanent ou l\u00e9galement autoris\u00e9 \u00e0 \u00eatre au Canada<\/td>\n<\/tr>\n<tr>\n<td>Yukon<\/td>\n<td>Dur\u00e9e minimale de r\u00e9sidence : 3 mois<\/td>\n<\/tr>\n<tr>\n<td>Nunavut<\/td>\n<td>Dur\u00e9e minimale de r\u00e9sidence : 1 an<\/td>\n<\/tr>\n<\/tbody>\n<\/table>\n<h3 class=\"p1\"><span class=\"s2\" style=\"color: #1e5799;\"><b>De quels documents ai-je besoin pour ma demande de changement de nom ?<\/b><\/span><\/h3>\n<p class=\"p1\"><span class=\"s2\">Cela varie d&#039;un endroit \u00e0 l&#039;autre. De nombreuses provinces et territoires ont des descriptions d\u00e9taill\u00e9es des documents dont vous aurez besoin. Veuillez consulter l&#039;organisme provincial ou territorial pertinent (\u00e9num\u00e9r\u00e9 ci-dessus), ou les lois\/r\u00e8glements applicables, pour une liste compl\u00e8te. Dans de nombreux cas, les formulaires que vous devez remplir r\u00e9pertorient \u00e9galement la documentation que vous devez fournir.<\/span><\/p>\n<p class=\"p1\"><span class=\"s2\">En g\u00e9n\u00e9ral, certaines des exigences communes en mati\u00e8re de documentation comprennent\u00a0:<\/span><\/p>\n<ul>\n<li class=\"p1\"><span class=\"s2\">Preuve d&#039;identit\u00e9.<\/span><\/li>\n<li class=\"p1\"><span class=\"s2\">Un affidavit ou une d\u00e9claration \u00e9non\u00e7ant vos informations personnelles telles que : nom, adresse, \u00e9tat civil, les raisons de la demande de changement de nom, les d\u00e9tails de tout changement de nom ant\u00e9rieur et les d\u00e9tails de toute condamnation p\u00e9nale ou acquittement.<\/span><\/li>\n<li class=\"p1\"><span class=\"s2\">Copies originales de votre certificat de naissance si n\u00e9 au Canada, ou copies de documents d&#039;immigration si n\u00e9 \u00e0 l&#039;ext\u00e9rieur du Canada. (La Saskatchewan exige des certificats de naissance originaux si vous \u00eates n\u00e9 aux \u00c9tats-Unis.)<\/span><\/li>\n<li class=\"p1\"><span class=\"s2\">Le consentement d&#039;une autre personne, dans certaines circonstances (par exemple, votre conjoint peut avoir besoin de consentir\u00a0; ou, si vous faites une demande pour un mineur, tout autre parent ayant la garde peut avoir besoin de consentir, et le mineur peut avoir besoin de consentir).<\/span><\/li>\n<li class=\"p1\"><span class=\"s2\">Une d\u00e9claration d&#039;un \u00ab r\u00e9pondant \u00bb (qui ne peut vous \u00eatre apparent\u00e9) qui vous conna\u00eet depuis deux ans et peut confirmer votre identit\u00e9 (Nouveau-Brunswick seulement).<\/span><\/li>\n<li class=\"p1\"><span class=\"s2\">Empreintes digitales par un organisme d&#039;application de la loi dans certains cas (Alberta et Nouvelle-\u00c9cosse seulement, sauf si vous avez moins de 12 ans; et Colombie-Britannique et Manitoba seulement, sauf si vous avez moins de 18 ans).<\/span><\/li>\n<li class=\"p1\"><span class=\"s2\">V\u00e9rification de casier judiciaire (Ontario et Colombie-Britannique seulement).<\/span><\/li>\n<\/ul>\n<p class=\"p1\"><span class=\"s2\">Notez que toutes les provinces et tous les territoires facturent des frais \u2013 v\u00e9rifiez aupr\u00e8s de l&#039;agence comp\u00e9tente pour d\u00e9terminer quels sont les frais actuels.<\/span><\/p>\n<p class=\"p1\"><span class=\"s2\">La liste compl\u00e8te des documents n\u00e9cessaires et autres exigences est disponible dans les statuts et r\u00e8glements, qui peuvent \u00eatre consult\u00e9s gratuitement sur\u00a0<a href=\"http:\/\/canlii.org\/\" target=\"_blank\" rel=\"noopener\"><span class=\"s3\">http:\/\/canlii.org<\/span><\/a>\u00a0(liens dans le tableau ci-dessous). Notez qu&#039;une province peut avoir des politiques qui ne sont pas dans la l\u00e9gislation. Pour plus d&#039;informations sur les exigences, v\u00e9rifiez aupr\u00e8s de l&#039;agence gouvernementale responsable.<\/span><\/p>\n<table class=\"table table-hover\">\n<tbody>\n<tr>\n<td>Alberta<\/td>\n<td><a href=\"http:\/\/www.canlii.org\/en\/ab\/laws\/stat\/sa-2007-c-v-4.1\/latest\/sa-2007-c-v-4.1.html\" target=\"_blank\" rel=\"noopener\"><u><em>Loi sur les statistiques de l&#039;\u00e9tat civil<\/em><\/u><\/a>, section 24 pour la liste compl\u00e8te.<\/td>\n<\/tr>\n<tr>\n<td>Colombie britannique<\/td>\n<td><a href=\"http:\/\/www.canlii.org\/en\/bc\/laws\/stat\/rsbc-1996-c-328\/latest\/rsbc-1996-c-328.html\" target=\"_blank\" rel=\"noopener\"><u><em>Loi sur le nom<\/em><\/u><\/a>, articles 6.1, 7<\/td>\n<\/tr>\n<tr>\n<td>Manitoba<\/td>\n<td><a href=\"http:\/\/web2.gov.mb.ca\/laws\/statutes\/ccsm\/c050e.php\" target=\"_blank\" rel=\"noopener\"><u><em>La loi sur le changement de nom<\/em><\/u><\/a>, paragraphe 2(2)<\/td>\n<\/tr>\n<tr>\n<td>Nouveau-Brunswick<\/td>\n<td><a href=\"http:\/\/www.canlii.org\/en\/nb\/laws\/stat\/snb-2014-c-103\/latest\/snb-2014-c-103.html\" target=\"_blank\" rel=\"noopener\"><u><em>Loi sur le changement de nom<\/em><\/u><\/a>, article 4(2) (r\u00e8gles diff\u00e9rentes pour les mineurs et pour les adultes)<\/td>\n<\/tr>\n<tr>\n<td>Terre-Neuve<\/td>\n<td><a href=\"http:\/\/www.canlii.org\/en\/nl\/laws\/stat\/snl-2009-c-c-8.1\/latest\/snl-2009-c-c-8.1.html\" target=\"_blank\" rel=\"noopener\"><u><em>Loi de 2009 sur le changement de nom<\/em><\/u>, article 10<\/a><\/td>\n<\/tr>\n<tr>\n<td>Nouvelle-\u00c9cosse<\/td>\n<td><a href=\"http:\/\/www.canlii.org\/en\/ns\/laws\/stat\/rsns-1989-c-66\/latest\/rsns-1989-c-66.html\" target=\"_blank\" rel=\"noopener\"><u><em>Loi sur le changement de nom<\/em><\/u><\/a>, section 12 (des copies des formulaires et de la d\u00e9claration sont disponibles dans le\u00a0<a href=\"http:\/\/www.canlii.org\/en\/ns\/laws\/regu\/ns-reg-74-77\/latest\/ns-reg-74-77.html\" target=\"_blank\" rel=\"noopener\"><u>R\u00e8glements<\/u><\/a>)<\/td>\n<\/tr>\n<tr>\n<td>Ontario<\/td>\n<td><a href=\"http:\/\/www.ontario.ca\/laws\/statute\/90c07?search=change+of+name\" target=\"_blank\" rel=\"noopener\"><u><em>Loi sur le changement de nom<\/em><\/u><\/a>, paragraphe 6(2) (y compris les circonstances dans lesquelles une v\u00e9rification des dossiers de police est requise)<\/td>\n<\/tr>\n<tr>\n<td>\u00cele-du-Prince-\u00c9douard<\/td>\n<td><a href=\"http:\/\/www.canlii.org\/en\/pe\/laws\/stat\/rspei-1988-c-c-3.1\/latest\/rspei-1988-c-c-3.1.html\" target=\"_blank\" rel=\"noopener\"><u><em>Loi sur le changement de nom<\/em><\/u><\/a>, article 7<\/td>\n<\/tr>\n<tr>\n<td>Qu\u00e9bec<\/td>\n<td><a href=\"http:\/\/www.canlii.org\/en\/qc\/laws\/stat\/cqlr-c-c-1991\/latest\/cqlr-c-c-1991.html\" target=\"_blank\" rel=\"noopener\"><u><em>Code civil du Qu\u00e9bec<\/em><\/u><\/a>, article 61 (liste compl\u00e8te des exigences dans\u00a0<a href=\"http:\/\/www.canlii.org\/en\/qc\/laws\/regu\/cqlr-c-ccq-r-4\/latest\/cqlr-c-ccq-r-4.html\" target=\"_blank\" rel=\"noopener\"><u>R\u00e8glements<\/u><\/a>, articles 2 et 4)<\/td>\n<\/tr>\n<tr>\n<td>Saskatchewan<\/td>\n<td><a href=\"http:\/\/www.canlii.org\/en\/sk\/laws\/stat\/ss-1995-c-c-6.1\/latest\/ss-1995-c-c-6.1.html\" target=\"_blank\" rel=\"noopener\"><u><em>La loi sur le changement de nom, 1995<\/em><\/u><\/a>, article 6<\/td>\n<\/tr>\n<tr>\n<td>TN-O.<\/td>\n<td><a href=\"http:\/\/www.canlii.org\/en\/nt\/laws\/stat\/snwt-2007-c-12\/latest\/snwt-2007-c-12.html\" target=\"_blank\" rel=\"noopener\"><u><em>Loi sur le changement de nom<\/em><\/u><\/a>, l&#039;article 9 (et le formulaire 5 de l&#039;annexe A de la\u00a0<a href=\"http:\/\/www.canlii.org\/en\/nt\/laws\/regu\/nwt-reg-018-2008\/latest\/nwt-reg-018-2008.html\" target=\"_blank\" rel=\"noopener\"><u>R\u00e8glements<\/u><\/a><u>)<\/u><\/td>\n<\/tr>\n<tr>\n<td>Yukon<\/td>\n<td><a href=\"http:\/\/www.canlii.org\/en\/yk\/laws\/stat\/rsy-2002-c-28\/latest\/rsy-2002-c-28.html\" target=\"_blank\" rel=\"noopener\"><u><em>Loi sur le changement de nom<\/em><\/u><\/a>, section 3<\/td>\n<\/tr>\n<tr>\n<td>Nunavut<\/td>\n<td><a href=\"http:\/\/www.canlii.org\/en\/nu\/laws\/stat\/rsnwt-nu-1988-c-c-3\/latest\/rsnwt-nu-1988-c-c-3.html\" target=\"_blank\" rel=\"noopener\"><u><em>Loi sur le changement de nom<\/em><\/u><\/a>, article 9<\/td>\n<\/tr>\n<\/tbody>\n<\/table>\n<h3 class=\"p1\"><span class=\"s2\" style=\"color: #1e5799;\"><b>Le gouvernement peut-il refuser ma demande de changement de nom ?<\/b><\/span><\/h3>\n<p class=\"p1\"><span class=\"s2\">Dans certains cas, oui. La plupart des provinces et territoires ont des exigences techniques d&#039;enregistrement. Par exemple, un nom doit g\u00e9n\u00e9ralement contenir un pr\u00e9nom et un nom, doit utiliser l&#039;alphabet romain et ne pas contenir de chiffres ou de caract\u00e8res sp\u00e9ciaux (\u00e0 quelques exceptions pr\u00e8s, comme les noms de famille avec trait d&#039;union). Si vous n&#039;avez pas satisfait \u00e0 ces exigences techniques, ou si vous avez manqu\u00e9 une autre exigence (par exemple, vous n&#039;avez pas inclus un document requis), votre demande peut \u00eatre rejet\u00e9e.<\/span><\/p>\n<p class=\"p1\"><span class=\"s2\">La plupart des provinces et territoires peuvent \u00e9galement refuser votre demande de changement de nom pour des motifs de fond, notamment si :<\/span><\/p>\n<table class=\"table table-hover\">\n<tbody>\n<tr>\n<td>Alberta<\/td>\n<td>Votre nouveau nom causerait de la confusion Votre nouveau nom mettrait une personne dans l&#039;embarras Votre nouveau nom frauderait ou induirait le public en erreur<\/td>\n<\/tr>\n<tr>\n<td>Colombie britannique<\/td>\n<td>Votre nouveau nom causerait de la confusion ou des erreurs Votre nouveau nom mettrait une personne dans l&#039;embarras Votre nouveau nom serait autrement r\u00e9pr\u00e9hensible Vous voulez changer votre nom dans un but inappropri\u00e9<\/td>\n<\/tr>\n<tr>\n<td>Manitoba<\/td>\n<td>Votre nouveau nom serait source d&#039;erreur ou de confusion Vous avez fr\u00e9quemment chang\u00e9 de nom Vous souhaitez modifier votre nom \u00e0 des fins inappropri\u00e9es<\/td>\n<\/tr>\n<tr>\n<td>Nouveau-Brunswick<\/td>\n<td>Votre nouveau nom serait source de confusion ou d&#039;erreur Vous avez fr\u00e9quemment chang\u00e9 de nom Vous souhaitez modifier votre nom \u00e0 des fins frauduleuses ou inappropri\u00e9es<\/td>\n<\/tr>\n<tr>\n<td>Terre-Neuve-et-Labrador<\/td>\n<td>Votre nouveau nom serait source d&#039;erreur ou de confusion Votre nouveau nom ne serait pas souhaitable dans l&#039;int\u00e9r\u00eat public Vous souhaitez modifier votre nom dans un but inappropri\u00e9 Vous avez fr\u00e9quemment chang\u00e9 de nom<\/td>\n<\/tr>\n<tr>\n<td>Nouvelle-\u00c9cosse<\/td>\n<td>Votre changement de nom est obtenu par fraude, contrainte ou fausse d\u00e9claration<\/td>\n<\/tr>\n<tr>\n<td>Ontario<\/td>\n<td>Vous voulez changer votre nom dans un but inappropri\u00e9<\/td>\n<\/tr>\n<tr>\n<td>\u00cele-du-Prince-\u00c9douard<\/td>\n<td>Votre changement de nom est obtenu par fausse d\u00e9claration Vous souhaitez changer votre nom \u00e0 des fins frauduleuses ou ill\u00e9gales<\/td>\n<\/tr>\n<tr>\n<td>Qu\u00e9bec<\/td>\n<td>Aucun sp\u00e9cifi\u00e9.<\/td>\n<\/tr>\n<tr>\n<td>Saskatchewan<\/td>\n<td>Votre changement de nom ne serait pas dans l&#039;int\u00e9r\u00eat public<\/td>\n<\/tr>\n<tr>\n<td>Territoires du nord-ouest<\/td>\n<td>Votre nouveau nom causerait de la confusion ou de l&#039;embarras Votre nouveau nom frauderait ou induirait le public en erreur Vous voulez changer votre nom \u00e0 des fins frauduleuses ou ill\u00e9gales<\/td>\n<\/tr>\n<tr>\n<td>Yukon<\/td>\n<td>Votre changement de nom est obtenu par fausse d\u00e9claration Vous voulez changer votre nom \u00e0 des fins frauduleuses ou ill\u00e9gales Votre nouveau nom contient plus d&#039;un tiret<\/td>\n<\/tr>\n<tr>\n<td>Nunavut<\/td>\n<td>Votre nouveau nom serait source d&#039;erreur, de confusion ou d&#039;embarras Vous voulez changer votre nom dans un but inappropri\u00e9 Votre nouveau nom est autrement r\u00e9pr\u00e9hensible<\/td>\n<\/tr>\n<\/tbody>\n<\/table>\n<h3 class=\"p1\"><span class=\"s2\" style=\"color: #1e5799;\"><b>Mon changement de nom sera-t-il rendu public ?<\/b><\/span><\/h3>\n<p class=\"p1\"><span class=\"s2\">Probablement pas. La r\u00e8gle par d\u00e9faut dans toutes les provinces et territoires (\u00e0 l&#039;exception du Nunavut) est que les changements de nom doivent \u00eatre publi\u00e9s, soit dans une publication officielle (comme la \u00ab\u00a0Gazette\u00a0\u00bb provinciale) ou, pour le Qu\u00e9bec, dans un journal local. (Terre-Neuve-et-Labrador ne publie pas les changements de nom si la seule chose qui change est votre pr\u00e9nom.) Certaines de ces publications, y compris les gazettes officielles, sont disponibles en ligne ou dans les biblioth\u00e8ques locales.<\/span><\/p>\n<p class=\"p1\"><span class=\"s2\">Cependant, toutes les provinces ainsi que les Territoires du Nord-Ouest ont des exemptions qui pourraient \u00eatre utilis\u00e9es par les personnes trans.<\/span><\/p>\n<p class=\"p1\"><span class=\"s2\">Le Qu\u00e9bec et l&#039;Ontario renoncent express\u00e9ment aux changements de nom li\u00e9s au changement d&#039;identit\u00e9 sexuelle. Les autres provinces n&#039;exemptent pas express\u00e9ment les personnes trans de l&#039;obligation de publication. Les personnes trans qui demandent une dispense doivent l&#039;obtenir en vertu d&#039;une dispense g\u00e9n\u00e9rale \u00ab d&#039;int\u00e9r\u00eat public \u00bb. Les motifs sur lesquels vous pouvez compter pour une exception dans chaque province et territoire comprennent :<\/span><\/p>\n<table class=\"table table-hover\">\n<tbody>\n<tr>\n<td>Alberta<\/td>\n<td>Vous \u00eates commun\u00e9ment connu sous le nom demand\u00e9. Vous seriez ind\u00fbment l\u00e9s\u00e9, embarrass\u00e9 ou l\u00e9s\u00e9 par la publication\u00a0; cela vous causerait des difficult\u00e9s excessives. Le changement de nom est pour un mineur (moins de 18 ans)<\/td>\n<\/tr>\n<tr>\n<td>Colombie britannique<\/td>\n<td>La publication n&#039;est pas \u00ab dans l&#039;int\u00e9r\u00eat public \u00bb<\/td>\n<\/tr>\n<tr>\n<td>Manitoba<\/td>\n<td>Vous \u00eates commun\u00e9ment connu sous le nom demand\u00e9. Vous seriez ind\u00fbment l\u00e9s\u00e9, embarrass\u00e9 ou l\u00e9s\u00e9 par la publication\u00a0; cela vous causerait des difficult\u00e9s excessives La publication n&#039;est pas \u00ab dans l&#039;int\u00e9r\u00eat public \u00bb<\/td>\n<\/tr>\n<tr>\n<td>Nouveau-Brunswick<\/td>\n<td>Vous \u00eates commun\u00e9ment connu sous le nom demand\u00e9. cela vous causerait des difficult\u00e9s excessives La publication \u00ab ne servirait \u00e0 rien \u00bb<\/td>\n<\/tr>\n<tr>\n<td>Terre-Neuve-et-Labrador<\/td>\n<td>Vous \u00eates commun\u00e9ment connu sous le nom demand\u00e9. Vous seriez ind\u00fbment l\u00e9s\u00e9, embarrass\u00e9 ou l\u00e9s\u00e9 par la publication\u00a0; cela vous causerait des difficult\u00e9s excessives Le changement de nom est pour un mineur (moins de 19 ans)<\/td>\n<\/tr>\n<tr>\n<td>Nouvelle-\u00c9cosse<\/td>\n<td>Vous \u00eates commun\u00e9ment connu sous le nom demand\u00e9. Vous seriez ind\u00fbment l\u00e9s\u00e9, embarrass\u00e9 ou l\u00e9s\u00e9 par la publication\u00a0; cela vous causerait des difficult\u00e9s excessives La publication n&#039;est pas \u00ab dans l&#039;int\u00e9r\u00eat public \u00bb Le changement de nom est pour un mineur (moins de 19 ans)<\/td>\n<\/tr>\n<tr>\n<td>Ontario<\/td>\n<td>Exemption expresse pour les personnes trans<\/td>\n<\/tr>\n<tr>\n<td>\u00cele-du-Prince-\u00c9douard<\/td>\n<td>Vous seriez ind\u00fbment l\u00e9s\u00e9, embarrass\u00e9 ou bless\u00e9 par la publication\u00a0; cela vous causerait des difficult\u00e9s excessives<\/td>\n<\/tr>\n<tr>\n<td>Qu\u00e9bec<\/td>\n<td>Exemption expresse pour les personnes trans<\/td>\n<\/tr>\n<tr>\n<td>Saskatchewan<\/td>\n<td>Vous seriez ind\u00fbment l\u00e9s\u00e9, embarrass\u00e9 ou bless\u00e9 par la publication\u00a0; cela vous causerait des difficult\u00e9s excessives La publication n&#039;est pas \u00ab dans l&#039;int\u00e9r\u00eat public \u00bb Le changement de nom est pour un enfant (moins de 15 ans)<\/td>\n<\/tr>\n<tr>\n<td>Territoires du nord-ouest<\/td>\n<td>Vous \u00eates commun\u00e9ment connu sous le nom demand\u00e9. Vous seriez ind\u00fbment l\u00e9s\u00e9, embarrass\u00e9 ou l\u00e9s\u00e9 par la publication\u00a0; cela vous causerait des difficult\u00e9s excessives Le changement de nom est pour un mineur (moins de 19 ans)<\/td>\n<\/tr>\n<tr>\n<td>Yukon<\/td>\n<td>Aucun sp\u00e9cifi\u00e9.<\/td>\n<\/tr>\n<tr>\n<td>Nunavut<\/td>\n<td>Aucun sp\u00e9cifi\u00e9.<\/td>\n<\/tr>\n<\/tbody>\n<\/table>\n<p class=\"p1\"><span class=\"s2\">Notez qu&#039;en plus des exigences de publication, de nombreuses provinces et territoires informeront les autorit\u00e9s publiques (telles que la GRC ou la police locale) de votre changement de nom.<\/span><\/p>\n<h3 class=\"p1\"><span class=\"s2\" style=\"color: #1e5799;\"><b>Puis-je postuler si j&#039;ai moins de 18 ou 19 ans ?<\/b><\/span><\/h3>\n<p class=\"p1\"><span class=\"s2\">En g\u00e9n\u00e9ral, non. Vous ne pouvez demander un changement de nom que si vous avez \u00ab\u00a0l&#039;\u00e2ge de la majorit\u00e9\u00a0\u00bb, qui est de 18\u00a0ans en Alberta, au Manitoba, en Ontario, \u00e0 l&#039;\u00cele-du-Prince-\u00c9douard, au Qu\u00e9bec et en Saskatchewan\u00a0; et 19 en Colombie-Britannique, au Nouveau-Brunswick, \u00e0 Terre-Neuve-et-Labrador, en Nouvelle-\u00c9cosse, dans les Territoires du Nord-Ouest, au Yukon et au Nunavut. En Nouvelle-\u00c9cosse, une loi visant \u00e0 abaisser l&#039;\u00e2ge du changement de nom ou de sexe \u00e0 16 ans a \u00e9t\u00e9 r\u00e9cemment adopt\u00e9e mais n&#039;est pas encore en vigueur. Il existe parfois des d\u00e9rogations pour les mineurs qui sont\/ont \u00e9t\u00e9 mari\u00e9s ou qui ont la garde d&#039;un enfant.<\/span><\/p>\n<p class=\"p1\"><span class=\"s2\">Toutes les juridictions permettent aux parents ou tuteurs de pr\u00e9senter une demande au nom des mineurs, bien que certaines conditions s&#039;appliquent, telles que l&#039;obtention de la permission du mineur s&#039;il a plus d&#039;un certain \u00e2ge (g\u00e9n\u00e9ralement 12 ans) et\/ou l&#039;obtention de la permission d&#039;autres parents ou tuteurs. Les exigences pr\u00e9cises en mati\u00e8re de consentement varient dans chaque province ou territoire.<\/span><\/p>\n<h3 class=\"p1\"><span class=\"s2\" style=\"color: #1e5799;\"><b>Quel document vais-je obtenir pour prouver mon nouveau nom ?<\/b><\/span><\/h3>\n<p class=\"p1\"><span class=\"s2\">L&#039;agence gouvernementale responsable des changements de nom notera le changement sur le registre. Dans la plupart des juridictions, ils vous d\u00e9livreront un certificat de changement de nom. L&#039;agence gouvernementale vous d\u00e9livrera \u00e9galement un nouveau certificat de naissance ou de mariage, si vous \u00eates n\u00e9 ou mari\u00e9 dans cette juridiction.<\/span><\/p>\n<p class=\"p1\"><span class=\"s2\">Si vous \u00eates n\u00e9 ou mari\u00e9 dans une autre province ou territoire canadien, l&#039;agence qui change votre nom avisera habituellement l&#039;agence de cette province ou de ce territoire. Vous devrez demander \u00e0 cette agence un nouveau certificat de naissance ou de mariage.<\/span><\/p>\n<p class=\"p1\"><span class=\"s2\">Si vous \u00eates n\u00e9 ou mari\u00e9 dans un pays \u00e9tranger, certaines provinces et territoires (Manitoba, Terre-Neuve, \u00cele-du-Prince-\u00c9douard, Yukon) transmettront une preuve de votre changement de nom aux autorit\u00e9s de ce pays, mais seulement avec votre consentement. Le Nunavut transmettra les renseignements sur le changement de nom au sous-ministre f\u00e9d\u00e9ral de la Citoyennet\u00e9 et de l&#039;Immigration.<\/span><\/p>\n<p class=\"p1\"><span class=\"s2\">Le bureau de l&#039;\u00e9tat civil de la Saskatchewan transmettra \u00e9galement une preuve de votre changement de nom \u00e0 divers organismes publics responsables des num\u00e9ros d&#039;assurance sociale, des permis de conduire et des documents d&#039;immigration.<\/span><\/p>\n<h3 class=\"p1\"><span class=\"s2\" style=\"color: #1e5799;\"><b>Quels autres documents puis-je modifier pour refl\u00e9ter mon nouveau nom\u00a0?<\/b><\/span><\/h3>\n<p class=\"p1\"><span class=\"s2\">Plusieurs juridictions (Alberta, Colombie-Britannique, Manitoba, Terre-Neuve-et-Labrador, Nouvelle-\u00c9cosse, Ontario, Territoires du Nord-Ouest, Yukon et Nunavut) vous accordent express\u00e9ment le droit, suite \u00e0 un changement de nom l\u00e9gal, de changer le nom sur tout document, public ou priv\u00e9 . Le Qu\u00e9bec pr\u00e9voit express\u00e9ment le droit d&#039;exiger la rectification de documents portant un nom ant\u00e9rieur, mais ne pr\u00e9cise pas si cela inclut les documents priv\u00e9s. Le Nouveau-Brunswick pr\u00e9voit la modification des documents publics.<\/span><\/p>\n<p class=\"p1\"><span class=\"s2\">Notez que certains documents, comme les passeports, sont d\u00e9livr\u00e9s en vertu de la l\u00e9gislation f\u00e9d\u00e9rale. Afin de modifier les informations sur un passeport, un certificat de naissance ou une preuve de citoyennet\u00e9 canadienne montrant les nouvelles informations sera requis.<\/span><\/p>\n<p class=\"p1\"><span class=\"s2\">Il y a g\u00e9n\u00e9ralement des frais associ\u00e9s au changement de nom sur les documents.<\/span><\/p>\n<h3 class=\"p1\"><span class=\"s2\" style=\"color: #1e5799;\"><b>Pour plus d&#039;informations:<\/b><\/span><\/h3>\n<p class=\"p1\"><span class=\"s2\">En Nouvelle-\u00c9cosse, voir ceci\u00a0<a href=\"http:\/\/www.cdha.nshealth.ca\/pridehealth\/trans-health-guide\" target=\"_blank\" rel=\"noopener\"><span class=\"s3\">guider<\/span><\/a>\u00a0par Capital Health pour les personnes en transition, qui comprend un guide juridique et des ressources communautaires (notez que le guide n&#039;\u00e9tait pas, au moment de la publication, mis \u00e0 jour pour refl\u00e9ter les r\u00e9cents changements apport\u00e9s \u00e0 la loi). Au Qu\u00e9bec, voir ce similaire\u00a0<a href=\"http:\/\/santetranshealth.org\/jemengage\/en\/guide-contents\/name-sex-designation-changes-in-quebec\/\" target=\"_blank\" rel=\"noopener\"><span class=\"s3\">guider<\/span><\/a>\u00a0fourni par Sant\u00e9 Trans Sant\u00e9.<\/span><\/p>\n<\/div>\n\t<\/div>\n<\/div>\n\n\n\n\n\t\t\t<\/div> \n\t\t<\/div>\n\t<\/div> \n<\/div><\/div>\n\t\t<div id=\"fws_69eff25e4cf27\"  data-column-margin=\"default\" data-midnight=\"dark\"  class=\"wpb_row vc_row-fluid vc_row\"  style=\"padding-top: 0px; padding-bottom: 0px; \"><div class=\"row-bg-wrap\" data-bg-animation=\"none\" data-bg-animation-delay=\"\" data-bg-overlay=\"false\"><div class=\"inner-wrap row-bg-layer\" ><div class=\"row-bg viewport-desktop\"  style=\"\"><\/div><\/div><\/div><div class=\"row_col_wrap_12 col span_12 dark left\">\n\t<div  class=\"vc_col-sm-12 wpb_column column_container vc_column_container col no-extra-padding inherit_tablet inherit_phone\"  data-padding-pos=\"all\" data-has-bg-color=\"false\" data-bg-color=\"\" data-bg-opacity=\"1\" data-animation=\"\" data-delay=\"0\" >\n\t\t<div class=\"vc_column-inner\" >\n\t\t\t<div class=\"wpb_wrapper\">\n\t\t\t\t\n\t\t<div id=\"fws_69eff25e4d328\"  data-column-margin=\"default\" data-midnight=\"dark\" data-top-percent=\"1%\" data-bottom-percent=\"1%\"  class=\"wpb_row vc_row-fluid vc_row\"  style=\"padding-top: calc(100vw * 0.01); padding-bottom: calc(100vw * 0.01); \"><div class=\"row-bg-wrap\" data-bg-animation=\"none\" data-bg-animation-delay=\"\" data-bg-overlay=\"false\"><div class=\"inner-wrap row-bg-layer\" ><div class=\"row-bg viewport-desktop\"  style=\"\"><\/div><\/div><\/div><div class=\"row_col_wrap_12 col span_12 dark left\">\n\t<div  class=\"vc_col-sm-12 wpb_column column_container vc_column_container col no-extra-padding inherit_tablet inherit_phone\"  data-padding-pos=\"all\" data-has-bg-color=\"false\" data-bg-color=\"\" data-bg-opacity=\"1\" data-animation=\"\" data-delay=\"0\" >\n\t\t<div class=\"vc_column-inner\" >\n\t\t\t<div class=\"wpb_wrapper\">\n\t\t\t\t<h3 style=\"color: #ef770e;text-align: left\" class=\"vc_custom_heading vc_do_custom_heading\" >\u00c0 propos de l\u2019association canadienne sur les libert\u00e9s civiles<\/h3>\n<div class=\"wpb_text_column wpb_content_element\" >\n\t<div class=\"wpb_wrapper\">\n\t\t<p class=\"translation-block\">L\u2019ACLC est un organisme ind\u00e9pendant \u00e0 but non lucratif qui compte des sympathisant.e.s dans tout le pays. Fond\u00e9 en 1964, c\u2019est un organisme qui \u0153uvre \u00e0 l\u2019\u00e9chelle du Canada \u00e0 la protection des droits et des libert\u00e9s civiles de toute sa population.<\/p>\n\t<\/div>\n<\/div>\n\n\n\n<h3 style=\"color: #ef770e;text-align: left\" class=\"vc_custom_heading vc_do_custom_heading\" >Pour les m\u00e9dias<\/h3>\n<div class=\"wpb_text_column wpb_content_element\" >\n\t<div class=\"wpb_wrapper\">\n\t\t<p>Pour d&#039;autres commentaires, veuillez nous contacter \u00e0\u00a0<a href=\"mailto:media@ccla.org\"><u>media@ccla.org<\/u><\/a>.<\/p>\n\t<\/div>\n<\/div>\n\n\n\n<h3 style=\"color: #ef770e;text-align: left\" class=\"vc_custom_heading vc_do_custom_heading\" >Pour les mises \u00e0 jour en direct<\/h3>\n<div class=\"wpb_text_column wpb_content_element\" >\n\t<div class=\"wpb_wrapper\">\n\t\t<p>Veuillez continuer \u00e0 vous r\u00e9f\u00e9rer \u00e0\u00a0<a href=\"https:\/\/ccla.org\/fr\/the-latest\/\" rel=\"noopener\">cette page<\/a>\u00a0et \u00e0 nos plateformes de m\u00e9dias sociaux. On est dessus\u00a0<a href=\"https:\/\/www.instagram.com\/cancivlib\/?hl=en\" target=\"_blank\" rel=\"noopener\"><u>Instagram<\/u><\/a>,\u00a0<a href=\"http:\/\/facebook.com\/cancivlib\/\" target=\"_blank\" rel=\"noopener\"><u>Facebook<\/u><\/a>, <a href=\"https:\/\/twitter.com\/cancivlib\" target=\"_blank\" rel=\"noopener\"><u>Twitter<\/u><\/a> et <a href=\"https:\/\/bsky.app\/profile\/cancivlib.bsky.social\" target=\"_blank\" rel=\"noopener\"><u>Ciel bleu<\/u><\/a>.<\/p>\n\t<\/div>\n<\/div>\n\n\n\n\n\t\t\t<\/div> \n\t\t<\/div>\n\t<\/div> \n<\/div><\/div>\n\n\t\t\t<\/div> \n\t\t<\/div>\n\t<\/div> \n<\/div><\/div>","protected":false},"excerpt":{"rendered":"<p>Cette page est destin\u00e9e \u00e0 aider les personnes trans avec des probl\u00e8mes li\u00e9s au changement du nom utilis\u00e9 sur leurs documents d&#039;identification. En tant que telles, certaines de ces informations peuvent ne pas \u00eatre utiles \u00e0 ceux qui cherchent \u00e0 changer leur nom pour une autre raison, comme le mariage ou le divorce.<\/p>","protected":false},"author":14,"featured_media":5982,"comment_status":"closed","ping_status":"closed","sticky":false,"template":"","format":"standard","meta":{"footnotes":""},"categories":[216,158],"tags":[],"class_list":{"0":"post-3129","1":"post","2":"type-post","3":"status-publish","4":"format-standard","5":"has-post-thumbnail","7":"category-tr-learn","8":"category-talk-rights"},"yoast_head":"<!-- This site is optimized with the Yoast SEO plugin v24.7 - https:\/\/yoast.com\/wordpress\/plugins\/seo\/ -->\n<title>Frequently Asked Questions Regarding Change of Name for Trans Persons - CCLA<\/title>\n<meta name=\"robots\" content=\"index, follow, max-snippet:-1, max-image-preview:large, max-video-preview:-1\" \/>\n<link rel=\"canonical\" href=\"https:\/\/ccla.org\/fr\/sinformer\/droits-de-parole\/questions-frequemment-posees-concernant-le-changement-de-nom-pour-les-personnes-transgenres\/\" \/>\n<meta property=\"og:locale\" content=\"fr_CA\" \/>\n<meta property=\"og:type\" content=\"article\" \/>\n<meta property=\"og:title\" content=\"Frequently Asked Questions Regarding Change of Name for Trans Persons - CCLA\" \/>\n<meta property=\"og:description\" content=\"This page is intended to help trans persons with issues related to changing the name used on their identification documents. As such, some of this information may not be helpful to those seeking to change their name for another reason, like marriage or divorce.\" \/>\n<meta property=\"og:url\" content=\"https:\/\/ccla.org\/fr\/sinformer\/droits-de-parole\/questions-frequemment-posees-concernant-le-changement-de-nom-pour-les-personnes-transgenres\/\" \/>\n<meta property=\"og:site_name\" content=\"CCLA\" \/>\n<meta property=\"article:published_time\" content=\"2015-05-19T02:14:05+00:00\" \/>\n<meta property=\"article:modified_time\" content=\"2021-09-09T18:12:51+00:00\" \/>\n<meta property=\"og:image\" content=\"https:\/\/ccla.org\/wp-content\/uploads\/2019\/03\/tr-discrimination-header.jpg\" \/>\n\t<meta property=\"og:image:width\" content=\"2000\" \/>\n\t<meta property=\"og:image:height\" content=\"800\" \/>\n\t<meta property=\"og:image:type\" content=\"image\/jpeg\" \/>\n<meta name=\"author\" content=\"Guest Author\" \/>\n<meta name=\"twitter:card\" content=\"summary_large_image\" \/>\n<meta name=\"twitter:label1\" content=\"\u00c9crit par\" \/>\n\t<meta name=\"twitter:data1\" content=\"Guest Author\" \/>\n\t<meta name=\"twitter:label2\" content=\"Estimation du temps de lecture\" \/>\n\t<meta name=\"twitter:data2\" content=\"13 minutes\" \/>\n<script type=\"application\/ld+json\" class=\"yoast-schema-graph\">{\"@context\":\"https:\/\/schema.org\",\"@graph\":[{\"@type\":\"WebPage\",\"@id\":\"https:\/\/ccla.org\/get-informed\/talk-rights\/frequently-asked-questions-regarding-change-of-name-for-trans-persons\/\",\"url\":\"https:\/\/ccla.org\/get-informed\/talk-rights\/frequently-asked-questions-regarding-change-of-name-for-trans-persons\/\",\"name\":\"Frequently Asked Questions Regarding Change of Name for Trans Persons - CCLA\",\"isPartOf\":{\"@id\":\"https:\/\/ccla.org\/#website\"},\"primaryImageOfPage\":{\"@id\":\"https:\/\/ccla.org\/get-informed\/talk-rights\/frequently-asked-questions-regarding-change-of-name-for-trans-persons\/#primaryimage\"},\"image\":{\"@id\":\"https:\/\/ccla.org\/get-informed\/talk-rights\/frequently-asked-questions-regarding-change-of-name-for-trans-persons\/#primaryimage\"},\"thumbnailUrl\":\"https:\/\/ccla.org\/wp-content\/uploads\/2019\/03\/tr-discrimination-header.jpg\",\"datePublished\":\"2015-05-19T02:14:05+00:00\",\"dateModified\":\"2021-09-09T18:12:51+00:00\",\"author\":{\"@id\":\"https:\/\/ccla.org\/#\/schema\/person\/f93b5b418cd10a90d35faf4e64816d1c\"},\"breadcrumb\":{\"@id\":\"https:\/\/ccla.org\/get-informed\/talk-rights\/frequently-asked-questions-regarding-change-of-name-for-trans-persons\/#breadcrumb\"},\"inLanguage\":\"fr-CA\",\"potentialAction\":[{\"@type\":\"ReadAction\",\"target\":[\"https:\/\/ccla.org\/get-informed\/talk-rights\/frequently-asked-questions-regarding-change-of-name-for-trans-persons\/\"]}]},{\"@type\":\"ImageObject\",\"inLanguage\":\"fr-CA\",\"@id\":\"https:\/\/ccla.org\/get-informed\/talk-rights\/frequently-asked-questions-regarding-change-of-name-for-trans-persons\/#primaryimage\",\"url\":\"https:\/\/ccla.org\/wp-content\/uploads\/2019\/03\/tr-discrimination-header.jpg\",\"contentUrl\":\"https:\/\/ccla.org\/wp-content\/uploads\/2019\/03\/tr-discrimination-header.jpg\",\"width\":2000,\"height\":800},{\"@type\":\"BreadcrumbList\",\"@id\":\"https:\/\/ccla.org\/get-informed\/talk-rights\/frequently-asked-questions-regarding-change-of-name-for-trans-persons\/#breadcrumb\",\"itemListElement\":[{\"@type\":\"ListItem\",\"position\":1,\"name\":\"Home\",\"item\":\"https:\/\/ccla.org\/\"},{\"@type\":\"ListItem\",\"position\":2,\"name\":\"GET INFORMED\",\"item\":\"https:\/\/ccla.org\/category\/get-informed\/\"},{\"@type\":\"ListItem\",\"position\":3,\"name\":\"Talk Rights\",\"item\":\"https:\/\/ccla.org\/category\/get-informed\/talk-rights\/\"},{\"@type\":\"ListItem\",\"position\":4,\"name\":\"Frequently Asked Questions Regarding Change of Name for Trans Persons\"}]},{\"@type\":\"WebSite\",\"@id\":\"https:\/\/ccla.org\/#website\",\"url\":\"https:\/\/ccla.org\/\",\"name\":\"CCLA\",\"description\":\"\",\"potentialAction\":[{\"@type\":\"SearchAction\",\"target\":{\"@type\":\"EntryPoint\",\"urlTemplate\":\"https:\/\/ccla.org\/?s={search_term_string}\"},\"query-input\":{\"@type\":\"PropertyValueSpecification\",\"valueRequired\":true,\"valueName\":\"search_term_string\"}}],\"inLanguage\":\"fr-CA\"},{\"@type\":\"Person\",\"@id\":\"https:\/\/ccla.org\/#\/schema\/person\/f93b5b418cd10a90d35faf4e64816d1c\",\"name\":\"Guest Author\",\"image\":{\"@type\":\"ImageObject\",\"inLanguage\":\"fr-CA\",\"@id\":\"https:\/\/ccla.org\/#\/schema\/person\/image\/\",\"url\":\"https:\/\/secure.gravatar.com\/avatar\/70a2873825b6959e219f727fb565b11f?s=96&d=blank&r=g\",\"contentUrl\":\"https:\/\/secure.gravatar.com\/avatar\/70a2873825b6959e219f727fb565b11f?s=96&d=blank&r=g\",\"caption\":\"Guest Author\"},\"url\":\"https:\/\/ccla.org\/fr\/author\/guest\/\"}]}<\/script>\n<!-- \/ Yoast SEO plugin. -->","yoast_head_json":{"title":"Frequently Asked Questions Regarding Change of Name for Trans Persons - CCLA","robots":{"index":"index","follow":"follow","max-snippet":"max-snippet:-1","max-image-preview":"max-image-preview:large","max-video-preview":"max-video-preview:-1"},"canonical":"https:\/\/ccla.org\/fr\/sinformer\/droits-de-parole\/questions-frequemment-posees-concernant-le-changement-de-nom-pour-les-personnes-transgenres\/","og_locale":"fr_CA","og_type":"article","og_title":"Frequently Asked Questions Regarding Change of Name for Trans Persons - CCLA","og_description":"This page is intended to help trans persons with issues related to changing the name used on their identification documents. As such, some of this information may not be helpful to those seeking to change their name for another reason, like marriage or divorce.","og_url":"https:\/\/ccla.org\/fr\/sinformer\/droits-de-parole\/questions-frequemment-posees-concernant-le-changement-de-nom-pour-les-personnes-transgenres\/","og_site_name":"CCLA","article_published_time":"2015-05-19T02:14:05+00:00","article_modified_time":"2021-09-09T18:12:51+00:00","og_image":[{"width":2000,"height":800,"url":"https:\/\/ccla.org\/wp-content\/uploads\/2019\/03\/tr-discrimination-header.jpg","type":"image\/jpeg"}],"author":"Guest Author","twitter_card":"summary_large_image","twitter_misc":{"\u00c9crit par":"Guest Author","Estimation du temps de lecture":"13 minutes"},"schema":{"@context":"https:\/\/schema.org","@graph":[{"@type":"WebPage","@id":"https:\/\/ccla.org\/get-informed\/talk-rights\/frequently-asked-questions-regarding-change-of-name-for-trans-persons\/","url":"https:\/\/ccla.org\/get-informed\/talk-rights\/frequently-asked-questions-regarding-change-of-name-for-trans-persons\/","name":"Frequently Asked Questions Regarding Change of Name for Trans Persons - CCLA","isPartOf":{"@id":"https:\/\/ccla.org\/#website"},"primaryImageOfPage":{"@id":"https:\/\/ccla.org\/get-informed\/talk-rights\/frequently-asked-questions-regarding-change-of-name-for-trans-persons\/#primaryimage"},"image":{"@id":"https:\/\/ccla.org\/get-informed\/talk-rights\/frequently-asked-questions-regarding-change-of-name-for-trans-persons\/#primaryimage"},"thumbnailUrl":"https:\/\/ccla.org\/wp-content\/uploads\/2019\/03\/tr-discrimination-header.jpg","datePublished":"2015-05-19T02:14:05+00:00","dateModified":"2021-09-09T18:12:51+00:00","author":{"@id":"https:\/\/ccla.org\/#\/schema\/person\/f93b5b418cd10a90d35faf4e64816d1c"},"breadcrumb":{"@id":"https:\/\/ccla.org\/get-informed\/talk-rights\/frequently-asked-questions-regarding-change-of-name-for-trans-persons\/#breadcrumb"},"inLanguage":"fr-CA","potentialAction":[{"@type":"ReadAction","target":["https:\/\/ccla.org\/get-informed\/talk-rights\/frequently-asked-questions-regarding-change-of-name-for-trans-persons\/"]}]},{"@type":"ImageObject","inLanguage":"fr-CA","@id":"https:\/\/ccla.org\/get-informed\/talk-rights\/frequently-asked-questions-regarding-change-of-name-for-trans-persons\/#primaryimage","url":"https:\/\/ccla.org\/wp-content\/uploads\/2019\/03\/tr-discrimination-header.jpg","contentUrl":"https:\/\/ccla.org\/wp-content\/uploads\/2019\/03\/tr-discrimination-header.jpg","width":2000,"height":800},{"@type":"BreadcrumbList","@id":"https:\/\/ccla.org\/get-informed\/talk-rights\/frequently-asked-questions-regarding-change-of-name-for-trans-persons\/#breadcrumb","itemListElement":[{"@type":"ListItem","position":1,"name":"Home","item":"https:\/\/ccla.org\/"},{"@type":"ListItem","position":2,"name":"GET INFORMED","item":"https:\/\/ccla.org\/category\/get-informed\/"},{"@type":"ListItem","position":3,"name":"Talk Rights","item":"https:\/\/ccla.org\/category\/get-informed\/talk-rights\/"},{"@type":"ListItem","position":4,"name":"Frequently Asked Questions Regarding Change of Name for Trans Persons"}]},{"@type":"WebSite","@id":"https:\/\/ccla.org\/#website","url":"https:\/\/ccla.org\/","name":"CCLA","description":"","potentialAction":[{"@type":"SearchAction","target":{"@type":"EntryPoint","urlTemplate":"https:\/\/ccla.org\/?s={search_term_string}"},"query-input":{"@type":"PropertyValueSpecification","valueRequired":true,"valueName":"search_term_string"}}],"inLanguage":"fr-CA"},{"@type":"Person","@id":"https:\/\/ccla.org\/#\/schema\/person\/f93b5b418cd10a90d35faf4e64816d1c","name":"Guest Author","image":{"@type":"ImageObject","inLanguage":"fr-CA","@id":"https:\/\/ccla.org\/#\/schema\/person\/image\/","url":"https:\/\/secure.gravatar.com\/avatar\/70a2873825b6959e219f727fb565b11f?s=96&d=blank&r=g","contentUrl":"https:\/\/secure.gravatar.com\/avatar\/70a2873825b6959e219f727fb565b11f?s=96&d=blank&r=g","caption":"Guest Author"},"url":"https:\/\/ccla.org\/fr\/author\/guest\/"}]}},"_links":{"self":[{"href":"https:\/\/ccla.org\/fr\/wp-json\/wp\/v2\/posts\/3129","targetHints":{"allow":["GET"]}}],"collection":[{"href":"https:\/\/ccla.org\/fr\/wp-json\/wp\/v2\/posts"}],"about":[{"href":"https:\/\/ccla.org\/fr\/wp-json\/wp\/v2\/types\/post"}],"author":[{"embeddable":true,"href":"https:\/\/ccla.org\/fr\/wp-json\/wp\/v2\/users\/14"}],"replies":[{"embeddable":true,"href":"https:\/\/ccla.org\/fr\/wp-json\/wp\/v2\/comments?post=3129"}],"version-history":[{"count":1,"href":"https:\/\/ccla.org\/fr\/wp-json\/wp\/v2\/posts\/3129\/revisions"}],"predecessor-version":[{"id":3132,"href":"https:\/\/ccla.org\/fr\/wp-json\/wp\/v2\/posts\/3129\/revisions\/3132"}],"wp:featuredmedia":[{"embeddable":true,"href":"https:\/\/ccla.org\/fr\/wp-json\/wp\/v2\/media\/5982"}],"wp:attachment":[{"href":"https:\/\/ccla.org\/fr\/wp-json\/wp\/v2\/media?parent=3129"}],"wp:term":[{"taxonomy":"category","embeddable":true,"href":"https:\/\/ccla.org\/fr\/wp-json\/wp\/v2\/categories?post=3129"},{"taxonomy":"post_tag","embeddable":true,"href":"https:\/\/ccla.org\/fr\/wp-json\/wp\/v2\/tags?post=3129"}],"curies":[{"name":"wp","href":"https:\/\/api.w.org\/{rel}","templated":true}]}}