{"id":17647,"date":"2026-09-02T09:38:24","date_gmt":"2026-09-02T13:38:24","guid":{"rendered":"https:\/\/ccla.org\/non-classe\/documents-delections-quebec-en-francais-seulement-laclc-met-en-garde-contre-une-erosion-du-processus-democratique\/"},"modified":"2026-09-02T09:38:24","modified_gmt":"2026-09-02T13:38:24","slug":"documents-delections-quebec-en-francais-seulement-laclc-met-en-garde-contre-une-erosion-du-processus-democratique","status":"publish","type":"post","link":"https:\/\/ccla.org\/fr\/communiques-de-presse\/documents-delections-quebec-en-francais-seulement-laclc-met-en-garde-contre-une-erosion-du-processus-democratique\/","title":{"rendered":"Documents d\u2019\u00c9lections Qu\u00e9bec en fran\u00e7ais seulement : l\u2019ACLC met en garde contre une \u00e9rosion du processus d\u00e9mocratique"},"content":{"rendered":"<p>Pour la premi\u00e8re fois \u00e0 l\u2019occasion d\u2019\u00e9lections g\u00e9n\u00e9rales, \u00c9lections Qu\u00e9bec enverra aux \u00e9lecteurs des documents d\u2019information \u00e9lectorale uniquement en fran\u00e7ais. Ce changement est impos\u00e9 \u00e0 \u00c9lections Qu\u00e9bec en raison des modifications apport\u00e9es \u00e0 la <em>Charte de la langue fran\u00e7aise<\/em> par l\u2019actuel gouvernement qu\u00e9b\u00e9cois. L\u2019Association canadienne des libert\u00e9s civiles (ACLC) y voit une \u00e9rosion du processus d\u00e9mocratique.  <\/p>\n<p>\u00ab Le droit de vote est une pierre d\u2019assise d\u2019une soci\u00e9t\u00e9 d\u00e9mocratique, \u00bb a d\u00e9clar\u00e9 Ana\u00efs Bussi\u00e8res McNicoll, Porte-parole Qu\u00e9bec et Directrice des libert\u00e9s fondamentales \u00e0 l\u2019ACLC. \u00ab Ce droit constitutionnel \u2013 lequel n\u2019est pas soumis \u00e0 la clause d\u00e9rogatoire \u2013 prot\u00e8ge la possibilit\u00e9 pour les \u00e9lecteurs de participer de mani\u00e8re significative au processus \u00e9lectoral. \u00bb <\/p>\n<p>Les documents \u00e9lectoraux en question informent les \u00e9lecteurs sur la mani\u00e8re dont ils peuvent exercer leur droit de vote. Ils incluent le guide fournissant de l\u2019information sur les options de vote; l\u2019avis d\u2019inscription indiquant les personnes inscrites sur la liste \u00e9lectorale et l\u2019adresse du lieu de vote par anticipation; et la carte de rappel, qui inclut la liste de candidats dans la circonscription et qui indique le lieu de vote le jour des \u00e9lections. <\/p>\n<p>\u00ab Lorsqu\u2019un gouvernement adopte une loi qui limite l\u2019acc\u00e8s de certains \u00e9lecteurs aux informations pertinentes et rend leur participation \u00e9lectorale plus difficile, les droits d\u00e9mocratiques sont en jeu, \u00bb a ajout\u00e9 Me Bussi\u00e8res McNicoll. \u00ab En interdisant \u00e0 \u00c9lections Qu\u00e9bec de circuler ses documents d\u2019information \u00e9lectorale en anglais, le gouvernement qu\u00e9b\u00e9cois met en danger les droits d\u00e9mocratiques des Qu\u00e9b\u00e9cois anglophones du Qu\u00e9bec. \u00bb <\/p>\n<p>Les am\u00e9nagements existants \u2013 soit un code QR permettant d\u2019acc\u00e9der en ligne \u00e0 l\u2019information en anglais et certaines exceptions l\u00e9gislatives pr\u00e9vues pour les anglophones admissibles et les Autochtones \u2013 sont tout simplement insuffisants pour rem\u00e9dier \u00e0 cette menace d\u00e9mocratique importante.<\/p>\n<p>\u00ab Les codes QR pr\u00e9sentent des enjeux d\u2019accessibilit\u00e9 pour certains groupes, notamment les personnes \u00e2g\u00e9es, les personnes ayant une faible litt\u00e9racie num\u00e9rique et celles n\u2019ayant pas facilement acc\u00e8s \u00e0 un t\u00e9l\u00e9phone intelligent ou \u00e0 Internet, \u00bb a continu\u00e9 Me Bussi\u00e8res McNicoll. \u00ab Les exceptions l\u00e9gislatives sont peu pratiques : elles imposent aux \u00e9lecteurs \u00e9ligibles le fardeau de formuler une demande aupr\u00e8s d\u2019\u00c9lections Qu\u00e9bec et requi\u00e8rent que cette entit\u00e9 traite leur demande et fournisse les documents requis, tout cela avant le jour du vote. \u00bb <\/p>\n<p>\u00ab Nous exhortons le gouvernement du Qu\u00e9bec \u00e0 cesser d\u2019interdire \u00e0 \u00c9lections Qu\u00e9bec d\u2019envoyer par courrier aux \u00e9lecteurs des documents d\u2019information \u00e9lectorale en anglais \u00bb, a conclu Me Bussi\u00e8res McNicoll.<\/p>\n","protected":false},"excerpt":{"rendered":"<p>Pour la premi\u00e8re fois \u00e0 l\u2019occasion d\u2019\u00e9lections g\u00e9n\u00e9rales, \u00c9lections Qu\u00e9bec enverra aux \u00e9lecteurs des documents d\u2019information \u00e9lectorale uniquement en fran\u00e7ais. Ce changement est impos\u00e9 \u00e0 \u00c9lections Qu\u00e9bec en raison des&#8230;<\/p>\n","protected":false},"author":4,"featured_media":12333,"comment_status":"closed","ping_status":"closed","sticky":false,"template":"","format":"standard","meta":{"footnotes":""},"categories":[263,267,270],"tags":[],"class_list":["post-17647","post","type-post","status-publish","format-standard","has-post-thumbnail","category-communiques-de-presse","category-libertes-fondamentales","category-urgence-democratique-au-quebec"],"yoast_head":"<!-- This site is optimized with the Yoast SEO plugin v28.4 - https:\/\/yoast.com\/product\/yoast-seo-wordpress\/ -->\n<title>Documents d\u2019\u00c9lections Qu\u00e9bec en fran\u00e7ais seulement : l\u2019ACLC met en garde contre une \u00e9rosion du processus d\u00e9mocratique - CCLA<\/title>\n<meta name=\"robots\" content=\"index, follow, max-snippet:-1, max-image-preview:large, max-video-preview:-1\" \/>\n<link rel=\"canonical\" href=\"https:\/\/ccla.org\/fr\/communiques-de-presse\/documents-delections-quebec-en-francais-seulement-laclc-met-en-garde-contre-une-erosion-du-processus-democratique\/\" \/>\n<meta property=\"og:locale\" content=\"fr_FR\" \/>\n<meta property=\"og:type\" content=\"article\" \/>\n<meta property=\"og:title\" content=\"Documents d\u2019\u00c9lections Qu\u00e9bec en fran\u00e7ais seulement : l\u2019ACLC met en garde contre une \u00e9rosion du processus d\u00e9mocratique - CCLA\" \/>\n<meta property=\"og:description\" content=\"Pour la premi\u00e8re fois \u00e0 l\u2019occasion d\u2019\u00e9lections g\u00e9n\u00e9rales, \u00c9lections Qu\u00e9bec enverra aux \u00e9lecteurs des documents d\u2019information \u00e9lectorale uniquement en fran\u00e7ais. Ce changement est impos\u00e9 \u00e0 \u00c9lections Qu\u00e9bec en raison des...\" \/>\n<meta property=\"og:url\" content=\"https:\/\/ccla.org\/fr\/communiques-de-presse\/documents-delections-quebec-en-francais-seulement-laclc-met-en-garde-contre-une-erosion-du-processus-democratique\/\" \/>\n<meta property=\"og:site_name\" content=\"CCLA\" \/>\n<meta property=\"article:published_time\" content=\"2026-09-02T13:38:24+00:00\" \/>\n<meta property=\"og:image\" content=\"https:\/\/ccla.org\/wp-content\/uploads\/2026\/02\/Quebec-Flag.png\" \/>\n\t<meta property=\"og:image:width\" content=\"2000\" \/>\n\t<meta property=\"og:image:height\" content=\"800\" \/>\n\t<meta property=\"og:image:type\" content=\"image\/png\" \/>\n<meta name=\"author\" content=\"CCLA\" \/>\n<meta name=\"twitter:card\" content=\"summary_large_image\" \/>\n<meta name=\"twitter:label1\" content=\"\u00c9crit par\" \/>\n\t<meta name=\"twitter:data1\" content=\"CCLA\" \/>\n\t<meta name=\"twitter:label2\" content=\"Dur\u00e9e de lecture estim\u00e9e\" \/>\n\t<meta name=\"twitter:data2\" content=\"2 minutes\" \/>\n<script type=\"application\/ld+json\" class=\"yoast-schema-graph\">{\"@context\":\"https:\\\/\\\/schema.org\",\"@graph\":[{\"@type\":\"Article\",\"@id\":\"https:\\\/\\\/ccla.org\\\/fr\\\/communiques-de-presse\\\/documents-delections-quebec-en-francais-seulement-laclc-met-en-garde-contre-une-erosion-du-processus-democratique\\\/#article\",\"isPartOf\":{\"@id\":\"https:\\\/\\\/ccla.org\\\/fr\\\/communiques-de-presse\\\/documents-delections-quebec-en-francais-seulement-laclc-met-en-garde-contre-une-erosion-du-processus-democratique\\\/\"},\"author\":{\"name\":\"CCLA\",\"@id\":\"https:\\\/\\\/ccla.org\\\/fr\\\/#\\\/schema\\\/person\\\/8340210ad747e50e21e040b101a55d8d\"},\"headline\":\"Documents d\u2019\u00c9lections Qu\u00e9bec en fran\u00e7ais seulement : l\u2019ACLC met en garde contre une \u00e9rosion du processus d\u00e9mocratique\",\"datePublished\":\"2026-09-02T13:38:24+00:00\",\"mainEntityOfPage\":{\"@id\":\"https:\\\/\\\/ccla.org\\\/fr\\\/communiques-de-presse\\\/documents-delections-quebec-en-francais-seulement-laclc-met-en-garde-contre-une-erosion-du-processus-democratique\\\/\"},\"wordCount\":471,\"image\":{\"@id\":\"https:\\\/\\\/ccla.org\\\/fr\\\/communiques-de-presse\\\/documents-delections-quebec-en-francais-seulement-laclc-met-en-garde-contre-une-erosion-du-processus-democratique\\\/#primaryimage\"},\"thumbnailUrl\":\"https:\\\/\\\/ccla.org\\\/wp-content\\\/uploads\\\/2026\\\/02\\\/Quebec-Flag.png\",\"articleSection\":[\"COMMUNIQU\u00c9S DE PRESSE\",\"LIBERT\u00c9S FONDAMENTALES\",\"Urgence d\u00e9mocratique au Qu\u00e9bec\"],\"inLanguage\":\"fr-FR\"},{\"@type\":\"WebPage\",\"@id\":\"https:\\\/\\\/ccla.org\\\/fr\\\/communiques-de-presse\\\/documents-delections-quebec-en-francais-seulement-laclc-met-en-garde-contre-une-erosion-du-processus-democratique\\\/\",\"url\":\"https:\\\/\\\/ccla.org\\\/fr\\\/communiques-de-presse\\\/documents-delections-quebec-en-francais-seulement-laclc-met-en-garde-contre-une-erosion-du-processus-democratique\\\/\",\"name\":\"Documents d\u2019\u00c9lections Qu\u00e9bec en fran\u00e7ais seulement : l\u2019ACLC met en garde contre une \u00e9rosion du processus d\u00e9mocratique - CCLA\",\"isPartOf\":{\"@id\":\"https:\\\/\\\/ccla.org\\\/fr\\\/#website\"},\"primaryImageOfPage\":{\"@id\":\"https:\\\/\\\/ccla.org\\\/fr\\\/communiques-de-presse\\\/documents-delections-quebec-en-francais-seulement-laclc-met-en-garde-contre-une-erosion-du-processus-democratique\\\/#primaryimage\"},\"image\":{\"@id\":\"https:\\\/\\\/ccla.org\\\/fr\\\/communiques-de-presse\\\/documents-delections-quebec-en-francais-seulement-laclc-met-en-garde-contre-une-erosion-du-processus-democratique\\\/#primaryimage\"},\"thumbnailUrl\":\"https:\\\/\\\/ccla.org\\\/wp-content\\\/uploads\\\/2026\\\/02\\\/Quebec-Flag.png\",\"datePublished\":\"2026-09-02T13:38:24+00:00\",\"author\":{\"@id\":\"https:\\\/\\\/ccla.org\\\/fr\\\/#\\\/schema\\\/person\\\/8340210ad747e50e21e040b101a55d8d\"},\"breadcrumb\":{\"@id\":\"https:\\\/\\\/ccla.org\\\/fr\\\/communiques-de-presse\\\/documents-delections-quebec-en-francais-seulement-laclc-met-en-garde-contre-une-erosion-du-processus-democratique\\\/#breadcrumb\"},\"inLanguage\":\"fr-FR\",\"potentialAction\":[{\"@type\":\"ReadAction\",\"target\":[\"https:\\\/\\\/ccla.org\\\/fr\\\/communiques-de-presse\\\/documents-delections-quebec-en-francais-seulement-laclc-met-en-garde-contre-une-erosion-du-processus-democratique\\\/\"]}]},{\"@type\":\"ImageObject\",\"inLanguage\":\"fr-FR\",\"@id\":\"https:\\\/\\\/ccla.org\\\/fr\\\/communiques-de-presse\\\/documents-delections-quebec-en-francais-seulement-laclc-met-en-garde-contre-une-erosion-du-processus-democratique\\\/#primaryimage\",\"url\":\"https:\\\/\\\/ccla.org\\\/wp-content\\\/uploads\\\/2026\\\/02\\\/Quebec-Flag.png\",\"contentUrl\":\"https:\\\/\\\/ccla.org\\\/wp-content\\\/uploads\\\/2026\\\/02\\\/Quebec-Flag.png\",\"width\":2000,\"height\":800},{\"@type\":\"BreadcrumbList\",\"@id\":\"https:\\\/\\\/ccla.org\\\/fr\\\/communiques-de-presse\\\/documents-delections-quebec-en-francais-seulement-laclc-met-en-garde-contre-une-erosion-du-processus-democratique\\\/#breadcrumb\",\"itemListElement\":[{\"@type\":\"ListItem\",\"position\":1,\"name\":\"Accueil\",\"item\":\"https:\\\/\\\/ccla.org\\\/fr\\\/accueil\\\/\"},{\"@type\":\"ListItem\",\"position\":2,\"name\":\"Non class\u00e9\",\"item\":\"https:\\\/\\\/ccla.org\\\/fr\\\/category\\\/non-classe\\\/\"},{\"@type\":\"ListItem\",\"position\":3,\"name\":\"Documents d\u2019\u00c9lections Qu\u00e9bec en fran\u00e7ais seulement : l\u2019ACLC met en garde contre une \u00e9rosion du processus d\u00e9mocratique\"}]},{\"@type\":\"WebSite\",\"@id\":\"https:\\\/\\\/ccla.org\\\/fr\\\/#website\",\"url\":\"https:\\\/\\\/ccla.org\\\/fr\\\/\",\"name\":\"CCLA\",\"description\":\"\",\"potentialAction\":[{\"@type\":\"SearchAction\",\"target\":{\"@type\":\"EntryPoint\",\"urlTemplate\":\"https:\\\/\\\/ccla.org\\\/fr\\\/?s={search_term_string}\"},\"query-input\":{\"@type\":\"PropertyValueSpecification\",\"valueRequired\":true,\"valueName\":\"search_term_string\"}}],\"inLanguage\":\"fr-FR\"},{\"@type\":\"Person\",\"@id\":\"https:\\\/\\\/ccla.org\\\/fr\\\/#\\\/schema\\\/person\\\/8340210ad747e50e21e040b101a55d8d\",\"name\":\"CCLA\",\"image\":{\"@type\":\"ImageObject\",\"inLanguage\":\"fr-FR\",\"@id\":\"https:\\\/\\\/secure.gravatar.com\\\/avatar\\\/1f85e9363952844a4b7805bea6bf5d741e02e9f6adaa56f2fce87b2691aef82b?s=96&d=blank&r=g\",\"url\":\"https:\\\/\\\/secure.gravatar.com\\\/avatar\\\/1f85e9363952844a4b7805bea6bf5d741e02e9f6adaa56f2fce87b2691aef82b?s=96&d=blank&r=g\",\"contentUrl\":\"https:\\\/\\\/secure.gravatar.com\\\/avatar\\\/1f85e9363952844a4b7805bea6bf5d741e02e9f6adaa56f2fce87b2691aef82b?s=96&d=blank&r=g\",\"caption\":\"CCLA\"},\"url\":\"https:\\\/\\\/ccla.org\\\/fr\\\/author\\\/ccla\\\/\"}]}<\/script>\n<!-- \/ Yoast SEO plugin. -->","yoast_head_json":{"title":"Documents d\u2019\u00c9lections Qu\u00e9bec en fran\u00e7ais seulement : l\u2019ACLC met en garde contre une \u00e9rosion du processus d\u00e9mocratique - CCLA","robots":{"index":"index","follow":"follow","max-snippet":"max-snippet:-1","max-image-preview":"max-image-preview:large","max-video-preview":"max-video-preview:-1"},"canonical":"https:\/\/ccla.org\/fr\/communiques-de-presse\/documents-delections-quebec-en-francais-seulement-laclc-met-en-garde-contre-une-erosion-du-processus-democratique\/","og_locale":"fr_FR","og_type":"article","og_title":"Documents d\u2019\u00c9lections Qu\u00e9bec en fran\u00e7ais seulement : l\u2019ACLC met en garde contre une \u00e9rosion du processus d\u00e9mocratique - CCLA","og_description":"Pour la premi\u00e8re fois \u00e0 l\u2019occasion d\u2019\u00e9lections g\u00e9n\u00e9rales, \u00c9lections Qu\u00e9bec enverra aux \u00e9lecteurs des documents d\u2019information \u00e9lectorale uniquement en fran\u00e7ais. Ce changement est impos\u00e9 \u00e0 \u00c9lections Qu\u00e9bec en raison des...","og_url":"https:\/\/ccla.org\/fr\/communiques-de-presse\/documents-delections-quebec-en-francais-seulement-laclc-met-en-garde-contre-une-erosion-du-processus-democratique\/","og_site_name":"CCLA","article_published_time":"2026-09-02T13:38:24+00:00","og_image":[{"width":2000,"height":800,"url":"https:\/\/ccla.org\/wp-content\/uploads\/2026\/02\/Quebec-Flag.png","type":"image\/png"}],"author":"CCLA","twitter_card":"summary_large_image","twitter_misc":{"\u00c9crit par":"CCLA","Dur\u00e9e de lecture estim\u00e9e":"2 minutes"},"schema":{"@context":"https:\/\/schema.org","@graph":[{"@type":"Article","@id":"https:\/\/ccla.org\/fr\/communiques-de-presse\/documents-delections-quebec-en-francais-seulement-laclc-met-en-garde-contre-une-erosion-du-processus-democratique\/#article","isPartOf":{"@id":"https:\/\/ccla.org\/fr\/communiques-de-presse\/documents-delections-quebec-en-francais-seulement-laclc-met-en-garde-contre-une-erosion-du-processus-democratique\/"},"author":{"name":"CCLA","@id":"https:\/\/ccla.org\/fr\/#\/schema\/person\/8340210ad747e50e21e040b101a55d8d"},"headline":"Documents d\u2019\u00c9lections Qu\u00e9bec en fran\u00e7ais seulement : l\u2019ACLC met en garde contre une \u00e9rosion du processus d\u00e9mocratique","datePublished":"2026-09-02T13:38:24+00:00","mainEntityOfPage":{"@id":"https:\/\/ccla.org\/fr\/communiques-de-presse\/documents-delections-quebec-en-francais-seulement-laclc-met-en-garde-contre-une-erosion-du-processus-democratique\/"},"wordCount":471,"image":{"@id":"https:\/\/ccla.org\/fr\/communiques-de-presse\/documents-delections-quebec-en-francais-seulement-laclc-met-en-garde-contre-une-erosion-du-processus-democratique\/#primaryimage"},"thumbnailUrl":"https:\/\/ccla.org\/wp-content\/uploads\/2026\/02\/Quebec-Flag.png","articleSection":["COMMUNIQU\u00c9S DE PRESSE","LIBERT\u00c9S FONDAMENTALES","Urgence d\u00e9mocratique au Qu\u00e9bec"],"inLanguage":"fr-FR"},{"@type":"WebPage","@id":"https:\/\/ccla.org\/fr\/communiques-de-presse\/documents-delections-quebec-en-francais-seulement-laclc-met-en-garde-contre-une-erosion-du-processus-democratique\/","url":"https:\/\/ccla.org\/fr\/communiques-de-presse\/documents-delections-quebec-en-francais-seulement-laclc-met-en-garde-contre-une-erosion-du-processus-democratique\/","name":"Documents d\u2019\u00c9lections Qu\u00e9bec en fran\u00e7ais seulement : l\u2019ACLC met en garde contre une \u00e9rosion du processus d\u00e9mocratique - CCLA","isPartOf":{"@id":"https:\/\/ccla.org\/fr\/#website"},"primaryImageOfPage":{"@id":"https:\/\/ccla.org\/fr\/communiques-de-presse\/documents-delections-quebec-en-francais-seulement-laclc-met-en-garde-contre-une-erosion-du-processus-democratique\/#primaryimage"},"image":{"@id":"https:\/\/ccla.org\/fr\/communiques-de-presse\/documents-delections-quebec-en-francais-seulement-laclc-met-en-garde-contre-une-erosion-du-processus-democratique\/#primaryimage"},"thumbnailUrl":"https:\/\/ccla.org\/wp-content\/uploads\/2026\/02\/Quebec-Flag.png","datePublished":"2026-09-02T13:38:24+00:00","author":{"@id":"https:\/\/ccla.org\/fr\/#\/schema\/person\/8340210ad747e50e21e040b101a55d8d"},"breadcrumb":{"@id":"https:\/\/ccla.org\/fr\/communiques-de-presse\/documents-delections-quebec-en-francais-seulement-laclc-met-en-garde-contre-une-erosion-du-processus-democratique\/#breadcrumb"},"inLanguage":"fr-FR","potentialAction":[{"@type":"ReadAction","target":["https:\/\/ccla.org\/fr\/communiques-de-presse\/documents-delections-quebec-en-francais-seulement-laclc-met-en-garde-contre-une-erosion-du-processus-democratique\/"]}]},{"@type":"ImageObject","inLanguage":"fr-FR","@id":"https:\/\/ccla.org\/fr\/communiques-de-presse\/documents-delections-quebec-en-francais-seulement-laclc-met-en-garde-contre-une-erosion-du-processus-democratique\/#primaryimage","url":"https:\/\/ccla.org\/wp-content\/uploads\/2026\/02\/Quebec-Flag.png","contentUrl":"https:\/\/ccla.org\/wp-content\/uploads\/2026\/02\/Quebec-Flag.png","width":2000,"height":800},{"@type":"BreadcrumbList","@id":"https:\/\/ccla.org\/fr\/communiques-de-presse\/documents-delections-quebec-en-francais-seulement-laclc-met-en-garde-contre-une-erosion-du-processus-democratique\/#breadcrumb","itemListElement":[{"@type":"ListItem","position":1,"name":"Accueil","item":"https:\/\/ccla.org\/fr\/accueil\/"},{"@type":"ListItem","position":2,"name":"Non class\u00e9","item":"https:\/\/ccla.org\/fr\/category\/non-classe\/"},{"@type":"ListItem","position":3,"name":"Documents d\u2019\u00c9lections Qu\u00e9bec en fran\u00e7ais seulement : l\u2019ACLC met en garde contre une \u00e9rosion du processus d\u00e9mocratique"}]},{"@type":"WebSite","@id":"https:\/\/ccla.org\/fr\/#website","url":"https:\/\/ccla.org\/fr\/","name":"CCLA","description":"","potentialAction":[{"@type":"SearchAction","target":{"@type":"EntryPoint","urlTemplate":"https:\/\/ccla.org\/fr\/?s={search_term_string}"},"query-input":{"@type":"PropertyValueSpecification","valueRequired":true,"valueName":"search_term_string"}}],"inLanguage":"fr-FR"},{"@type":"Person","@id":"https:\/\/ccla.org\/fr\/#\/schema\/person\/8340210ad747e50e21e040b101a55d8d","name":"CCLA","image":{"@type":"ImageObject","inLanguage":"fr-FR","@id":"https:\/\/secure.gravatar.com\/avatar\/1f85e9363952844a4b7805bea6bf5d741e02e9f6adaa56f2fce87b2691aef82b?s=96&d=blank&r=g","url":"https:\/\/secure.gravatar.com\/avatar\/1f85e9363952844a4b7805bea6bf5d741e02e9f6adaa56f2fce87b2691aef82b?s=96&d=blank&r=g","contentUrl":"https:\/\/secure.gravatar.com\/avatar\/1f85e9363952844a4b7805bea6bf5d741e02e9f6adaa56f2fce87b2691aef82b?s=96&d=blank&r=g","caption":"CCLA"},"url":"https:\/\/ccla.org\/fr\/author\/ccla\/"}]}},"_links":{"self":[{"href":"https:\/\/ccla.org\/fr\/wp-json\/wp\/v2\/posts\/17647","targetHints":{"allow":["GET"]}}],"collection":[{"href":"https:\/\/ccla.org\/fr\/wp-json\/wp\/v2\/posts"}],"about":[{"href":"https:\/\/ccla.org\/fr\/wp-json\/wp\/v2\/types\/post"}],"author":[{"embeddable":true,"href":"https:\/\/ccla.org\/fr\/wp-json\/wp\/v2\/users\/4"}],"replies":[{"embeddable":true,"href":"https:\/\/ccla.org\/fr\/wp-json\/wp\/v2\/comments?post=17647"}],"version-history":[{"count":0,"href":"https:\/\/ccla.org\/fr\/wp-json\/wp\/v2\/posts\/17647\/revisions"}],"wp:featuredmedia":[{"embeddable":true,"href":"https:\/\/ccla.org\/fr\/wp-json\/wp\/v2\/media\/12333"}],"wp:attachment":[{"href":"https:\/\/ccla.org\/fr\/wp-json\/wp\/v2\/media?parent=17647"}],"wp:term":[{"taxonomy":"category","embeddable":true,"href":"https:\/\/ccla.org\/fr\/wp-json\/wp\/v2\/categories?post=17647"},{"taxonomy":"post_tag","embeddable":true,"href":"https:\/\/ccla.org\/fr\/wp-json\/wp\/v2\/tags?post=17647"}],"curies":[{"name":"wp","href":"https:\/\/api.w.org\/{rel}","templated":true}]}}