{"id":11754,"date":"2026-03-09T10:57:24","date_gmt":"2026-03-09T14:57:24","guid":{"rendered":"https:\/\/ccla.org\/?p=11754"},"modified":"2026-03-26T14:58:15","modified_gmt":"2026-03-26T18:58:15","slug":"supreme-court-affirms-substantive-and-intersectional-equality-in-kanyinda-decision","status":"publish","type":"post","link":"https:\/\/ccla.org\/fr\/communique-de-presse\/supreme-court-affirms-substantive-and-intersectional-equality-in-kanyinda-decision\/","title":{"rendered":"La Cour supr\u00eame confirme l'\u00e9galit\u00e9 r\u00e9elle et intersectionnelle dans l'arr\u00eat Kanyinda"},"content":{"rendered":"<div id=\"fws_69f5767800a45\"  data-column-margin=\"default\" data-midnight=\"dark\"  class=\"wpb_row vc_row-fluid vc_row\"  style=\"padding-top: 0px; padding-bottom: 0px; \"><div class=\"row-bg-wrap\" data-bg-animation=\"none\" data-bg-animation-delay=\"\" data-bg-overlay=\"false\"><div class=\"inner-wrap row-bg-layer\" ><div class=\"row-bg viewport-desktop\"  style=\"\"><\/div><\/div><\/div><div class=\"row_col_wrap_12 col span_12 dark left\">\n\t<div  class=\"vc_col-sm-12 wpb_column column_container vc_column_container col no-extra-padding inherit_tablet inherit_phone\"  data-padding-pos=\"all\" data-has-bg-color=\"false\" data-bg-color=\"\" data-bg-opacity=\"1\" data-animation=\"\" data-delay=\"0\" >\n\t\t<div class=\"vc_column-inner\" >\n\t\t\t<div class=\"wpb_wrapper\">\n\t\t\t\t\n\t\t<div id=\"fws_69f57678010b6\"  data-column-margin=\"default\" data-midnight=\"dark\"  class=\"wpb_row vc_row-fluid vc_row full-width-section\"  style=\"padding-top: 0px; padding-bottom: 0px; \"><div class=\"row-bg-wrap\" data-bg-animation=\"none\" data-bg-animation-delay=\"\" data-bg-overlay=\"true\"><div class=\"inner-wrap row-bg-layer\" ><div class=\"row-bg viewport-desktop\"  style=\"\"><\/div><\/div><div class=\"row-bg-overlay row-bg-layer\" style=\"background: rgba(0,0,0,0.3); background: linear-gradient(to bottom,rgba(0,0,0,0.3) 0%,rgba(238,238,238,0.01) 100%);  opacity: 0.5; \"><\/div><\/div><div class=\"row_col_wrap_12 col span_12 dark left\">\n\t<div  class=\"vc_col-sm-12 wpb_column column_container vc_column_container col no-extra-padding inherit_tablet inherit_phone\"  data-padding-pos=\"all\" data-has-bg-color=\"false\" data-bg-color=\"\" data-bg-opacity=\"1\" data-animation=\"\" data-delay=\"0\" >\n\t\t<div class=\"vc_column-inner\" >\n\t\t\t<div class=\"wpb_wrapper\">\n\t\t\t\t<div class=\"divider-wrap\" data-alignment=\"default\"><div style=\"height: 10px;\" class=\"divider\"><\/div><\/div>\n\t\t\t<\/div> \n\t\t<\/div>\n\t<\/div> \n<\/div><\/div>\n\n\t\t\t<\/div> \n\t\t<\/div>\n\t<\/div> \n<\/div><\/div>\n\t\t<div id=\"fws_69f57678015a2\"  data-column-margin=\"default\" data-midnight=\"dark\"  class=\"wpb_row vc_row-fluid vc_row\"  style=\"padding-top: 0px; padding-bottom: 0px; \"><div class=\"row-bg-wrap\" data-bg-animation=\"none\" data-bg-animation-delay=\"\" data-bg-overlay=\"false\"><div class=\"inner-wrap row-bg-layer\" ><div class=\"row-bg viewport-desktop\"  style=\"\"><\/div><\/div><\/div><div class=\"row_col_wrap_12 col span_12 dark left\">\n\t<div  class=\"vc_col-sm-12 wpb_column column_container vc_column_container col no-extra-padding inherit_tablet inherit_phone\"  data-padding-pos=\"all\" data-has-bg-color=\"false\" data-bg-color=\"\" data-bg-opacity=\"1\" data-animation=\"\" data-delay=\"0\" >\n\t\t<div class=\"vc_column-inner\" >\n\t\t\t<div class=\"wpb_wrapper\">\n\t\t\t\t\n<div class=\"wpb_text_column wpb_content_element\" >\n\t<div class=\"wpb_wrapper\">\n\t\t<p class=\"translation-block\">Toronto \u2013 L'Association canadienne des libert\u00e9s civiles (ACLC) salue la d\u00e9cision rendue par la Cour supr\u00eame du Canada dans l'affaire <em>Kanyinda c. Qu\u00e9bec (Procureur g\u00e9n\u00e9ral)<\/em>, qui a conclu que l'exclusion des demandeurs d'asile des services de garde subventionn\u00e9s par le gouvernement du Qu\u00e9bec avait un effet n\u00e9gatif disproportionn\u00e9 sur les femmes demandeuses d'asile.<\/p>\n<p class=\"translation-block\">Cette d\u00e9cision confirme une approche substantielle et intersectionnelle de l'\u00e9galit\u00e9 en vertu de la Charte canadienne des droits et libert\u00e9s.<\/p>\n<p>\u00ab La d\u00e9cision rendue aujourd'hui confirme que les droits \u00e0 l'\u00e9galit\u00e9 doivent avoir un effet en pratique, pas seulement en th\u00e9orie \u00bb, a d\u00e9clar\u00e9 Harini Sivalingam. \u00ab Elle reconna\u00eet que les obstacles \u00e0 l'acc\u00e8s \u00e0 des services essentiels tels que les services de garde d'enfants peuvent avoir des cons\u00e9quences profondes pour les familles, en particulier pour les femmes migrantes qui sont confront\u00e9es \u00e0 de multiples formes de d\u00e9savantages. \u00bb<\/p>\n<p class=\"translation-block\">L'affaire concerne l'acc\u00e8s des personnes migrantes aux programmes de prestations sociales. La question \u00e9tait de savoir si une personne qui a demand\u00e9 la protection des r\u00e9fugi\u00e9s en vertu de la <em>Loi sur l'immigration et la protection des r\u00e9fugi\u00e9s<\/em> a droit \u00e0 des services de garde subventionn\u00e9s au Qu\u00e9bec lorsqu'elle d\u00e9tient un permis de travail valide.<\/p>\n<p>Bijou Cibuabua Kanyinda, une demandeuse d'asile originaire de la R\u00e9publique d\u00e9mocratique du Congo arriv\u00e9e au Canada en 2018, a obtenu un permis de travail en attendant la d\u00e9cision concernant sa demande et a demand\u00e9 de b\u00e9n\u00e9ficier d'une aide financi\u00e8re pour la garde de ses trois enfants.<\/p>\n<p>Elle s'est vu refuser l'acc\u00e8s aux services de garde subventionn\u00e9s parce que le R\u00e8glement sur la r\u00e9duction des contributions du Qu\u00e9bec a \u00e9t\u00e9 modifi\u00e9 pour exclure les demandeurs d'asile. Elle a contest\u00e9 cette exclusion, la jugeant discriminatoire, arguant qu'elle touche de mani\u00e8re disproportionn\u00e9e les femmes et qu'elle constitue une discrimination fond\u00e9e sur le statut d'immigrant et la citoyennet\u00e9.<\/p>\n<p class=\"translation-block\">L\u2019ACLC est intervenue dans cette affaire pour faire valoir qu'il n'existait aucun fondement constitutionnel justifiant la discrimination \u00e0 l'\u00e9gard des demandeurs d'asile dans leur acc\u00e8s aux services sociaux tels que les services de garde d'enfants, et que le statut de personne migrante, tout comme le sexe, devait \u00eatre reconnu comme un motif prot\u00e9g\u00e9 en vertu du paragraphe 15(1) de la <em>Charte<\/em>.<\/p>\n<p class=\"translation-block\">\u00ab M\u00eame si nous aurions souhait\u00e9 que la majorit\u00e9 se prononce de mani\u00e8re plus approfondie sur la question de savoir si le statut de r\u00e9fugi\u00e9 devrait \u00eatre reconnu comme un motif analogue au titre de la garantie d'\u00e9galit\u00e9 pr\u00e9vue par la <em>Charte<\/em> \u2013 comme l'a fait le juge en chef \u2013 cette d\u00e9cision constitue n\u00e9anmoins un pas en avant significatif \u00bb, a d\u00e9clar\u00e9 Aaden Pearson.<\/p>\n<p>\u00ab \u00c0 l'heure o\u00f9 certains gouvernements envisagent de restreindre l'acc\u00e8s des nouveaux arrivants aux services sociaux de base, l'affirmation par la Cour que les droits \u00e0 l'\u00e9galit\u00e9 doivent s'appliquer \u00e0 toutes les personnes vivant au Canada est tr\u00e8s opportune. \u00bb<\/p>\n<p class=\"translation-block\">Cette d\u00e9cision de la Cour supr\u00eame du Canada est une \u00e9tape importante pour garantir que les protections en mati\u00e8re d'\u00e9galit\u00e9 pr\u00e9vues par la <em>Charte<\/em> restent adapt\u00e9es aux exp\u00e9riences r\u00e9elles des communaut\u00e9s marginalis\u00e9es.<\/p>\n<p>L'ACLC est reconnaissante d'\u00eatre repr\u00e9sent\u00e9e dans cette intervention par Lex Gill et Bruce Johnston de Trudel Johnston &amp; Lesp\u00e9rance.<\/p>\n\t<\/div>\n<\/div>\n\n\n\n\n\t\t\t<\/div> \n\t\t<\/div>\n\t<\/div> \n<\/div><\/div>\n\t\t<div id=\"fws_69f5767801a77\"  data-column-margin=\"default\" data-midnight=\"dark\"  class=\"wpb_row vc_row-fluid vc_row\"  style=\"padding-top: 0px; padding-bottom: 0px; \"><div class=\"row-bg-wrap\" data-bg-animation=\"none\" data-bg-animation-delay=\"\" data-bg-overlay=\"false\"><div class=\"inner-wrap row-bg-layer\" ><div class=\"row-bg viewport-desktop\"  style=\"\"><\/div><\/div><\/div><div class=\"row_col_wrap_12 col span_12 dark left\">\n\t<div  class=\"vc_col-sm-12 wpb_column column_container vc_column_container col no-extra-padding inherit_tablet inherit_phone\"  data-padding-pos=\"all\" data-has-bg-color=\"false\" data-bg-color=\"\" data-bg-opacity=\"1\" data-animation=\"\" data-delay=\"0\" >\n\t\t<div class=\"vc_column-inner\" >\n\t\t\t<div class=\"wpb_wrapper\">\n\t\t\t\t\n\t\t<div id=\"fws_69f5767801f4b\"  data-column-margin=\"default\" data-midnight=\"dark\" data-top-percent=\"1%\" data-bottom-percent=\"1%\"  class=\"wpb_row vc_row-fluid vc_row\"  style=\"padding-top: calc(100vw * 0.01); padding-bottom: calc(100vw * 0.01); \"><div class=\"row-bg-wrap\" data-bg-animation=\"none\" data-bg-animation-delay=\"\" data-bg-overlay=\"false\"><div class=\"inner-wrap row-bg-layer\" ><div class=\"row-bg viewport-desktop\"  style=\"\"><\/div><\/div><\/div><div class=\"row_col_wrap_12 col span_12 dark left\">\n\t<div  class=\"vc_col-sm-12 wpb_column column_container vc_column_container col no-extra-padding inherit_tablet inherit_phone\"  data-padding-pos=\"all\" data-has-bg-color=\"false\" data-bg-color=\"\" data-bg-opacity=\"1\" data-animation=\"\" data-delay=\"0\" >\n\t\t<div class=\"vc_column-inner\" >\n\t\t\t<div class=\"wpb_wrapper\">\n\t\t\t\t<h3 style=\"color: #ef770e;text-align: left\" class=\"vc_custom_heading vc_do_custom_heading\" >\u00c0 propos de l\u2019association canadienne sur les libert\u00e9s civiles<\/h3>\n<div class=\"wpb_text_column wpb_content_element\" >\n\t<div class=\"wpb_wrapper\">\n\t\t<p class=\"translation-block\">L\u2019ACLC est un organisme ind\u00e9pendant \u00e0 but non lucratif qui compte des sympathisant.e.s dans tout le pays. Fond\u00e9 en 1964, c\u2019est un organisme qui \u0153uvre \u00e0 l\u2019\u00e9chelle du Canada \u00e0 la protection des droits et des libert\u00e9s civiles de toute sa population.<\/p>\n\t<\/div>\n<\/div>\n\n\n\n<h3 style=\"color: #ef770e;text-align: left\" class=\"vc_custom_heading vc_do_custom_heading\" >Pour les m\u00e9dias<\/h3>\n<div class=\"wpb_text_column wpb_content_element\" >\n\t<div class=\"wpb_wrapper\">\n\t\t<p>Pour d&#039;autres commentaires, veuillez nous contacter \u00e0\u00a0<a href=\"mailto:media@ccla.org\"><u>media@ccla.org<\/u><\/a>.<\/p>\n\t<\/div>\n<\/div>\n\n\n\n<h3 style=\"color: #ef770e;text-align: left\" class=\"vc_custom_heading vc_do_custom_heading\" >Pour les mises \u00e0 jour en direct<\/h3>\n<div class=\"wpb_text_column wpb_content_element\" >\n\t<div class=\"wpb_wrapper\">\n\t\t<p>Veuillez continuer \u00e0 vous r\u00e9f\u00e9rer \u00e0\u00a0<a href=\"https:\/\/ccla.org\/fr\/the-latest\/\" rel=\"noopener\">cette page<\/a>\u00a0et \u00e0 nos plateformes de m\u00e9dias sociaux. On est dessus\u00a0<a href=\"https:\/\/www.instagram.com\/cancivlib\/?hl=en\" target=\"_blank\" rel=\"noopener\"><u>Instagram<\/u><\/a>,\u00a0<a href=\"http:\/\/facebook.com\/cancivlib\/\" target=\"_blank\" rel=\"noopener\"><u>Facebook<\/u><\/a>, <a href=\"https:\/\/twitter.com\/cancivlib\" target=\"_blank\" rel=\"noopener\"><u>Twitter<\/u><\/a> et <a href=\"https:\/\/bsky.app\/profile\/cancivlib.bsky.social\" target=\"_blank\" rel=\"noopener\"><u>Ciel bleu<\/u><\/a>.<\/p>\n\t<\/div>\n<\/div>\n\n\n\n\n\t\t\t<\/div> \n\t\t<\/div>\n\t<\/div> \n<\/div><\/div>\n\n\t\t\t<\/div> \n\t\t<\/div>\n\t<\/div> \n<\/div><\/div>","protected":false},"excerpt":{"rendered":"Toronto - L'Association canadienne des libert\u00e9s civiles (ACLC) se r\u00e9jouit de la d\u00e9cision de la Cour supr\u00eame du Canada dans l'affaire Kanyinda c. Qu\u00e9bec (Procureur g\u00e9n\u00e9ral), qui a conclu que l'exclusion par le gouvernement...","protected":false},"author":4,"featured_media":3952,"comment_status":"closed","ping_status":"closed","sticky":false,"template":"","format":"standard","meta":{"footnotes":""},"categories":[6,8,44,50,72],"tags":[],"class_list":{"0":"post-11754","1":"post","2":"type-post","3":"status-publish","4":"format-standard","5":"has-post-thumbnail","7":"category-equality","8":"category-press-release","9":"category-race-religion-ethnicity","10":"category-immigration-refugees","11":"category-women"},"yoast_head":"<!-- This site is optimized with the Yoast SEO plugin v24.7 - https:\/\/yoast.com\/wordpress\/plugins\/seo\/ -->\n<title>Supreme Court Affirms Substantive and Intersectional Equality in Kanyinda Decision - CCLA<\/title>\n<meta name=\"robots\" content=\"index, follow, max-snippet:-1, max-image-preview:large, max-video-preview:-1\" \/>\n<link rel=\"canonical\" href=\"https:\/\/ccla.org\/fr\/communique-de-presse\/supreme-court-affirms-substantive-and-intersectional-equality-in-kanyinda-decision\/\" \/>\n<meta property=\"og:locale\" content=\"fr_CA\" \/>\n<meta property=\"og:type\" content=\"article\" \/>\n<meta property=\"og:title\" content=\"Supreme Court Affirms Substantive and Intersectional Equality in Kanyinda Decision - CCLA\" \/>\n<meta property=\"og:url\" content=\"https:\/\/ccla.org\/fr\/communique-de-presse\/supreme-court-affirms-substantive-and-intersectional-equality-in-kanyinda-decision\/\" \/>\n<meta property=\"og:site_name\" content=\"CCLA\" \/>\n<meta property=\"article:published_time\" content=\"2026-03-09T14:57:24+00:00\" \/>\n<meta property=\"article:modified_time\" content=\"2026-03-26T18:58:15+00:00\" \/>\n<meta property=\"og:image\" content=\"https:\/\/ccla.org\/wp-content\/uploads\/2021\/06\/Charter_03.jpg\" \/>\n\t<meta property=\"og:image:width\" content=\"2000\" \/>\n\t<meta property=\"og:image:height\" content=\"800\" \/>\n\t<meta property=\"og:image:type\" content=\"image\/jpeg\" \/>\n<meta name=\"author\" content=\"CCLA\" \/>\n<meta name=\"twitter:card\" content=\"summary_large_image\" \/>\n<meta name=\"twitter:label1\" content=\"\u00c9crit par\" \/>\n\t<meta name=\"twitter:data1\" content=\"CCLA\" \/>\n\t<meta name=\"twitter:label2\" content=\"Estimation du temps de lecture\" \/>\n\t<meta name=\"twitter:data2\" content=\"3 minutes\" \/>\n<script type=\"application\/ld+json\" class=\"yoast-schema-graph\">{\"@context\":\"https:\/\/schema.org\",\"@graph\":[{\"@type\":\"WebPage\",\"@id\":\"https:\/\/ccla.org\/press-release\/supreme-court-affirms-substantive-and-intersectional-equality-in-kanyinda-decision\/\",\"url\":\"https:\/\/ccla.org\/press-release\/supreme-court-affirms-substantive-and-intersectional-equality-in-kanyinda-decision\/\",\"name\":\"Supreme Court Affirms Substantive and Intersectional Equality in Kanyinda Decision - CCLA\",\"isPartOf\":{\"@id\":\"https:\/\/ccla.org\/#website\"},\"primaryImageOfPage\":{\"@id\":\"https:\/\/ccla.org\/press-release\/supreme-court-affirms-substantive-and-intersectional-equality-in-kanyinda-decision\/#primaryimage\"},\"image\":{\"@id\":\"https:\/\/ccla.org\/press-release\/supreme-court-affirms-substantive-and-intersectional-equality-in-kanyinda-decision\/#primaryimage\"},\"thumbnailUrl\":\"https:\/\/ccla.org\/wp-content\/uploads\/2021\/06\/Charter_03.jpg\",\"datePublished\":\"2026-03-09T14:57:24+00:00\",\"dateModified\":\"2026-03-26T18:58:15+00:00\",\"author\":{\"@id\":\"https:\/\/ccla.org\/#\/schema\/person\/8340210ad747e50e21e040b101a55d8d\"},\"breadcrumb\":{\"@id\":\"https:\/\/ccla.org\/press-release\/supreme-court-affirms-substantive-and-intersectional-equality-in-kanyinda-decision\/#breadcrumb\"},\"inLanguage\":\"fr-CA\",\"potentialAction\":[{\"@type\":\"ReadAction\",\"target\":[\"https:\/\/ccla.org\/press-release\/supreme-court-affirms-substantive-and-intersectional-equality-in-kanyinda-decision\/\"]}]},{\"@type\":\"ImageObject\",\"inLanguage\":\"fr-CA\",\"@id\":\"https:\/\/ccla.org\/press-release\/supreme-court-affirms-substantive-and-intersectional-equality-in-kanyinda-decision\/#primaryimage\",\"url\":\"https:\/\/ccla.org\/wp-content\/uploads\/2021\/06\/Charter_03.jpg\",\"contentUrl\":\"https:\/\/ccla.org\/wp-content\/uploads\/2021\/06\/Charter_03.jpg\",\"width\":2000,\"height\":800},{\"@type\":\"BreadcrumbList\",\"@id\":\"https:\/\/ccla.org\/press-release\/supreme-court-affirms-substantive-and-intersectional-equality-in-kanyinda-decision\/#breadcrumb\",\"itemListElement\":[{\"@type\":\"ListItem\",\"position\":1,\"name\":\"Home\",\"item\":\"https:\/\/ccla.org\/\"},{\"@type\":\"ListItem\",\"position\":2,\"name\":\"PRESS RELEASES\",\"item\":\"https:\/\/ccla.org\/category\/press-release\/\"},{\"@type\":\"ListItem\",\"position\":3,\"name\":\"Supreme Court Affirms Substantive and Intersectional Equality in Kanyinda Decision\"}]},{\"@type\":\"WebSite\",\"@id\":\"https:\/\/ccla.org\/#website\",\"url\":\"https:\/\/ccla.org\/\",\"name\":\"CCLA\",\"description\":\"\",\"potentialAction\":[{\"@type\":\"SearchAction\",\"target\":{\"@type\":\"EntryPoint\",\"urlTemplate\":\"https:\/\/ccla.org\/?s={search_term_string}\"},\"query-input\":{\"@type\":\"PropertyValueSpecification\",\"valueRequired\":true,\"valueName\":\"search_term_string\"}}],\"inLanguage\":\"fr-CA\"},{\"@type\":\"Person\",\"@id\":\"https:\/\/ccla.org\/#\/schema\/person\/8340210ad747e50e21e040b101a55d8d\",\"name\":\"CCLA\",\"image\":{\"@type\":\"ImageObject\",\"inLanguage\":\"fr-CA\",\"@id\":\"https:\/\/ccla.org\/#\/schema\/person\/image\/\",\"url\":\"https:\/\/secure.gravatar.com\/avatar\/8b870059ce8f35a3967c509e5d35c55a?s=96&d=blank&r=g\",\"contentUrl\":\"https:\/\/secure.gravatar.com\/avatar\/8b870059ce8f35a3967c509e5d35c55a?s=96&d=blank&r=g\",\"caption\":\"CCLA\"},\"url\":\"https:\/\/ccla.org\/fr\/author\/ccla\/\"}]}<\/script>\n<!-- \/ Yoast SEO plugin. -->","yoast_head_json":{"title":"Supreme Court Affirms Substantive and Intersectional Equality in Kanyinda Decision - CCLA","robots":{"index":"index","follow":"follow","max-snippet":"max-snippet:-1","max-image-preview":"max-image-preview:large","max-video-preview":"max-video-preview:-1"},"canonical":"https:\/\/ccla.org\/fr\/communique-de-presse\/supreme-court-affirms-substantive-and-intersectional-equality-in-kanyinda-decision\/","og_locale":"fr_CA","og_type":"article","og_title":"Supreme Court Affirms Substantive and Intersectional Equality in Kanyinda Decision - CCLA","og_url":"https:\/\/ccla.org\/fr\/communique-de-presse\/supreme-court-affirms-substantive-and-intersectional-equality-in-kanyinda-decision\/","og_site_name":"CCLA","article_published_time":"2026-03-09T14:57:24+00:00","article_modified_time":"2026-03-26T18:58:15+00:00","og_image":[{"width":2000,"height":800,"url":"https:\/\/ccla.org\/wp-content\/uploads\/2021\/06\/Charter_03.jpg","type":"image\/jpeg"}],"author":"CCLA","twitter_card":"summary_large_image","twitter_misc":{"\u00c9crit par":"CCLA","Estimation du temps de lecture":"3 minutes"},"schema":{"@context":"https:\/\/schema.org","@graph":[{"@type":"WebPage","@id":"https:\/\/ccla.org\/press-release\/supreme-court-affirms-substantive-and-intersectional-equality-in-kanyinda-decision\/","url":"https:\/\/ccla.org\/press-release\/supreme-court-affirms-substantive-and-intersectional-equality-in-kanyinda-decision\/","name":"Supreme Court Affirms Substantive and Intersectional Equality in Kanyinda Decision - CCLA","isPartOf":{"@id":"https:\/\/ccla.org\/#website"},"primaryImageOfPage":{"@id":"https:\/\/ccla.org\/press-release\/supreme-court-affirms-substantive-and-intersectional-equality-in-kanyinda-decision\/#primaryimage"},"image":{"@id":"https:\/\/ccla.org\/press-release\/supreme-court-affirms-substantive-and-intersectional-equality-in-kanyinda-decision\/#primaryimage"},"thumbnailUrl":"https:\/\/ccla.org\/wp-content\/uploads\/2021\/06\/Charter_03.jpg","datePublished":"2026-03-09T14:57:24+00:00","dateModified":"2026-03-26T18:58:15+00:00","author":{"@id":"https:\/\/ccla.org\/#\/schema\/person\/8340210ad747e50e21e040b101a55d8d"},"breadcrumb":{"@id":"https:\/\/ccla.org\/press-release\/supreme-court-affirms-substantive-and-intersectional-equality-in-kanyinda-decision\/#breadcrumb"},"inLanguage":"fr-CA","potentialAction":[{"@type":"ReadAction","target":["https:\/\/ccla.org\/press-release\/supreme-court-affirms-substantive-and-intersectional-equality-in-kanyinda-decision\/"]}]},{"@type":"ImageObject","inLanguage":"fr-CA","@id":"https:\/\/ccla.org\/press-release\/supreme-court-affirms-substantive-and-intersectional-equality-in-kanyinda-decision\/#primaryimage","url":"https:\/\/ccla.org\/wp-content\/uploads\/2021\/06\/Charter_03.jpg","contentUrl":"https:\/\/ccla.org\/wp-content\/uploads\/2021\/06\/Charter_03.jpg","width":2000,"height":800},{"@type":"BreadcrumbList","@id":"https:\/\/ccla.org\/press-release\/supreme-court-affirms-substantive-and-intersectional-equality-in-kanyinda-decision\/#breadcrumb","itemListElement":[{"@type":"ListItem","position":1,"name":"Home","item":"https:\/\/ccla.org\/"},{"@type":"ListItem","position":2,"name":"PRESS RELEASES","item":"https:\/\/ccla.org\/category\/press-release\/"},{"@type":"ListItem","position":3,"name":"Supreme Court Affirms Substantive and Intersectional Equality in Kanyinda Decision"}]},{"@type":"WebSite","@id":"https:\/\/ccla.org\/#website","url":"https:\/\/ccla.org\/","name":"CCLA","description":"","potentialAction":[{"@type":"SearchAction","target":{"@type":"EntryPoint","urlTemplate":"https:\/\/ccla.org\/?s={search_term_string}"},"query-input":{"@type":"PropertyValueSpecification","valueRequired":true,"valueName":"search_term_string"}}],"inLanguage":"fr-CA"},{"@type":"Person","@id":"https:\/\/ccla.org\/#\/schema\/person\/8340210ad747e50e21e040b101a55d8d","name":"CCLA","image":{"@type":"ImageObject","inLanguage":"fr-CA","@id":"https:\/\/ccla.org\/#\/schema\/person\/image\/","url":"https:\/\/secure.gravatar.com\/avatar\/8b870059ce8f35a3967c509e5d35c55a?s=96&d=blank&r=g","contentUrl":"https:\/\/secure.gravatar.com\/avatar\/8b870059ce8f35a3967c509e5d35c55a?s=96&d=blank&r=g","caption":"CCLA"},"url":"https:\/\/ccla.org\/fr\/author\/ccla\/"}]}},"_links":{"self":[{"href":"https:\/\/ccla.org\/fr\/wp-json\/wp\/v2\/posts\/11754","targetHints":{"allow":["GET"]}}],"collection":[{"href":"https:\/\/ccla.org\/fr\/wp-json\/wp\/v2\/posts"}],"about":[{"href":"https:\/\/ccla.org\/fr\/wp-json\/wp\/v2\/types\/post"}],"author":[{"embeddable":true,"href":"https:\/\/ccla.org\/fr\/wp-json\/wp\/v2\/users\/4"}],"replies":[{"embeddable":true,"href":"https:\/\/ccla.org\/fr\/wp-json\/wp\/v2\/comments?post=11754"}],"version-history":[{"count":5,"href":"https:\/\/ccla.org\/fr\/wp-json\/wp\/v2\/posts\/11754\/revisions"}],"predecessor-version":[{"id":11762,"href":"https:\/\/ccla.org\/fr\/wp-json\/wp\/v2\/posts\/11754\/revisions\/11762"}],"wp:featuredmedia":[{"embeddable":true,"href":"https:\/\/ccla.org\/fr\/wp-json\/wp\/v2\/media\/3952"}],"wp:attachment":[{"href":"https:\/\/ccla.org\/fr\/wp-json\/wp\/v2\/media?parent=11754"}],"wp:term":[{"taxonomy":"category","embeddable":true,"href":"https:\/\/ccla.org\/fr\/wp-json\/wp\/v2\/categories?post=11754"},{"taxonomy":"post_tag","embeddable":true,"href":"https:\/\/ccla.org\/fr\/wp-json\/wp\/v2\/tags?post=11754"}],"curies":[{"name":"wp","href":"https:\/\/api.w.org\/{rel}","templated":true}]}}