{"id":11528,"date":"2026-01-21T17:56:03","date_gmt":"2026-01-21T22:56:03","guid":{"rendered":"https:\/\/ccla.org\/?p=11528"},"modified":"2026-01-22T10:10:20","modified_gmt":"2026-01-22T15:10:20","slug":"canada-faces-a-defining-moment","status":"publish","type":"post","link":"https:\/\/ccla.org\/fr\/dans-lactualite\/canada-faces-a-defining-moment\/","title":{"rendered":"Le Canada est confront\u00e9 \u00e0 un moment d\u00e9cisif :"},"content":{"rendered":"<div id=\"fws_69f734c3bf1d2\"  data-column-margin=\"default\" data-midnight=\"dark\"  class=\"wpb_row vc_row-fluid vc_row\"  style=\"padding-top: 0px; padding-bottom: 0px; \"><div class=\"row-bg-wrap\" data-bg-animation=\"none\" data-bg-animation-delay=\"\" data-bg-overlay=\"false\"><div class=\"inner-wrap row-bg-layer\" ><div class=\"row-bg viewport-desktop\"  style=\"\"><\/div><\/div><\/div><div class=\"row_col_wrap_12 col span_12 dark left\">\n\t<div  class=\"vc_col-sm-12 wpb_column column_container vc_column_container col no-extra-padding inherit_tablet inherit_phone\"  data-padding-pos=\"all\" data-has-bg-color=\"false\" data-bg-color=\"\" data-bg-opacity=\"1\" data-animation=\"\" data-delay=\"0\" >\n\t\t<div class=\"vc_column-inner\" >\n\t\t\t<div class=\"wpb_wrapper\">\n\t\t\t\t\n\t\t<div id=\"fws_69f734c3bf5c0\"  data-column-margin=\"default\" data-midnight=\"dark\"  class=\"wpb_row vc_row-fluid vc_row full-width-section\"  style=\"padding-top: 0px; padding-bottom: 0px; \"><div class=\"row-bg-wrap\" data-bg-animation=\"none\" data-bg-animation-delay=\"\" data-bg-overlay=\"true\"><div class=\"inner-wrap row-bg-layer\" ><div class=\"row-bg viewport-desktop\"  style=\"\"><\/div><\/div><div class=\"row-bg-overlay row-bg-layer\" style=\"background: rgba(0,0,0,0.3); background: linear-gradient(to bottom,rgba(0,0,0,0.3) 0%,rgba(238,238,238,0.01) 100%);  opacity: 0.5; \"><\/div><\/div><div class=\"row_col_wrap_12 col span_12 dark left\">\n\t<div  class=\"vc_col-sm-12 wpb_column column_container vc_column_container col no-extra-padding inherit_tablet inherit_phone\"  data-padding-pos=\"all\" data-has-bg-color=\"false\" data-bg-color=\"\" data-bg-opacity=\"1\" data-animation=\"\" data-delay=\"0\" >\n\t\t<div class=\"vc_column-inner\" >\n\t\t\t<div class=\"wpb_wrapper\">\n\t\t\t\t<div class=\"divider-wrap\" data-alignment=\"default\"><div style=\"height: 10px;\" class=\"divider\"><\/div><\/div>\n\t\t\t<\/div> \n\t\t<\/div>\n\t<\/div> \n<\/div><\/div>\n\n\t\t\t<\/div> \n\t\t<\/div>\n\t<\/div> \n<\/div><\/div>\n\t\t<div id=\"fws_69f734c3bf943\"  data-column-margin=\"default\" data-midnight=\"dark\"  class=\"wpb_row vc_row-fluid vc_row\"  style=\"padding-top: 0px; padding-bottom: 0px; \"><div class=\"row-bg-wrap\" data-bg-animation=\"none\" data-bg-animation-delay=\"\" data-bg-overlay=\"false\"><div class=\"inner-wrap row-bg-layer\" ><div class=\"row-bg viewport-desktop\"  style=\"\"><\/div><\/div><\/div><div class=\"row_col_wrap_12 col span_12 dark left\">\n\t<div  class=\"vc_col-sm-12 wpb_column column_container vc_column_container col no-extra-padding inherit_tablet inherit_phone\"  data-padding-pos=\"all\" data-has-bg-color=\"false\" data-bg-color=\"\" data-bg-opacity=\"1\" data-animation=\"\" data-delay=\"0\" >\n\t\t<div class=\"vc_column-inner\" >\n\t\t\t<div class=\"wpb_wrapper\">\n\t\t\t\t\n<div class=\"wpb_text_column wpb_content_element\" >\n\t<div class=\"wpb_wrapper\">\n\t\t<p><strong><em>Le Canada est confront\u00e9 \u00e0 un moment d\u00e9cisif : Le Premier ministre Mark Carney a averti \u00e0 Davos le 20 janvier 2026 que nous sommes \"au milieu d'une rupture\" dans l'ordre international fond\u00e9 sur des r\u00e8gles, et l'Association canadienne des libert\u00e9s civiles (ACLC) est n\u00e9cessaire de toute urgence pour s'assurer que nos libert\u00e9s civiles et les libert\u00e9s prot\u00e9g\u00e9es par la Charte ne sont pas sacrifi\u00e9es \u00e0 la s\u00e9curit\u00e9 \u00e0 court terme ou aux pressions \u00e9conomiques.<\/em><\/strong><\/p>\n<p>&nbsp;<\/p>\n<p>Chers amis des libert\u00e9s civiles,<\/p>\n<p>Lorsque le premier ministre Mark Carney s'est exprim\u00e9 au Forum \u00e9conomique mondial de Davos le <strong>20 janvier 2026<\/strong>Il a utilis\u00e9 un seul mot qui devrait r\u00e9veiller tous les Canadiens : <strong>\"rupture\".<\/strong> Il a d\u00e9crit un monde o\u00f9 la rivalit\u00e9 des grandes puissances et la coercition \u00e9conomique remod\u00e8lent les r\u00e8gles qui prot\u00e9geaient autrefois les march\u00e9s ouverts, la s\u00e9curit\u00e9 collective et les droits des citoyens ordinaires.<\/p>\n<p>En ces temps difficiles, les gouvernements et les institutions ont souvent recours \u00e0 des pouvoirs extraordinaires au nom de la s\u00e9curit\u00e9 ou de la survie \u00e9conomique. Sans contr\u00f4le, ces pouvoirs peuvent \u00e9roder les libert\u00e9s m\u00eames qui d\u00e9finissent notre d\u00e9mocratie.<\/p>\n<p><strong>L'ACLC existe pour stopper cette \u00e9rosion.<\/strong> Depuis plus de six d\u00e9cennies, nous d\u00e9fendons <strong>libert\u00e9, \u00e9galit\u00e9 et \u00e9tat de droit<\/strong>La Charte des droits fondamentaux de l'Union europ\u00e9enne est un document de r\u00e9f\u00e9rence pour la protection des droits garantis par la Charte et la responsabilisation des pouvoirs publics.<\/p>\n<p>Notre travail va de la contestation des pratiques de surveillance et de maintien de l'ordre excessives \u00e0 la d\u00e9fense des droits d\u00e9mocratiques et des droits \u00e0 l'\u00e9galit\u00e9 lorsque les gouvernements repoussent les limites par le biais de la l\u00e9gislation ou de l'utilisation des pouvoirs d'urgence. Notre mandat n'est pas abstrait - il s'agit d'une garantie pratique qui permet aux Canadiens de s'exprimer, de se r\u00e9unir, de pratiquer leur religion et de vivre sans intrusion gouvernementale injuste et disproportionn\u00e9e.<\/p>\n<p>L'avertissement du Premier ministre Carney est un appel \u00e0 l'action pour les puissances moyennes comme le Canada, qui doivent <strong>s'adapter sans renoncer \u00e0 nos valeurs<\/strong>. L'adaptation ne doit pas signifier l'abandon des libert\u00e9s civiles au profit d'une promesse de s\u00e9curit\u00e9 ou d'un avantage \u00e9conomique. Il s'agit de construire une r\u00e9silience qui pr\u00e9serve les droits de l'homme tout en r\u00e9pondant aux nouvelles menaces. C'est pr\u00e9cis\u00e9ment ce que fait l'ACLC : nous plaidons, nous \u00e9duquons et nous mobilisons la pression publique pour que les r\u00e9ponses politiques soient <strong>proportionn\u00e9e, respectueuse des droits et transparente<\/strong>.<\/p>\n<p>En ce moment m\u00eame, votre soutien d\u00e9terminera si l'ACLC peut faire face \u00e0 la situation. <strong>Nous avons besoin de ressources pour intervenir dans les affaires judiciaires, pour contester les mesures ill\u00e9gales de surveillance et d'urgence, et pour informer le public afin que les Canadiens comprennent leurs droits lorsque les gouvernements s'arrogent des pouvoirs exceptionnels<\/strong>. Votre don d'aujourd'hui contribuera \u00e0 garantir que la \"rupture\" d\u00e9crite par M. Carney ne devienne pas une excuse pour normaliser les pratiques qui portent atteinte aux droits.<\/p>\n<p>Vous joindrez-vous \u00e0 nous ? Un don de<a href=\"http:\/\/secure.ccla.org\/page\/173766\/donate\/1?_ga=2.176276833.512191057.1769035544-1662279601.1769035544\" target=\"_blank\" rel=\"noopener\"> <strong>$50, $100, $250<\/strong> <strong>ou le montant de votre choix<\/strong><\/a> contribuera \u00e0 financer des interventions juridiques et des campagnes d'\u00e9ducation du public qui prot\u00e8gent la Charte pour tous. Merci de donner ce que vous pouvez pour que la r\u00e9ponse du Canada \u00e0 l'instabilit\u00e9 mondiale soit guid\u00e9e par l'\u00c9tat de droit et les droits, et non par la peur.<\/p>\n<p>Merci de d\u00e9fendre les libert\u00e9s qui font du Canada une soci\u00e9t\u00e9 juste et ouverte. Ensemble, nous pouvons faire en sorte que l'adaptation \u00e0 un monde en mutation renforce - et non affaiblisse - nos valeurs d\u00e9mocratiques.<\/p>\n<p>Sinc\u00e8rement,<\/p>\n<p><img loading=\"lazy\" decoding=\"async\" class=\"alignnone wp-image-11535\" src=\"https:\/\/ccla.org\/wp-content\/uploads\/2026\/01\/HowardSagers_sig-300x65.jpg\" alt=\"\" width=\"231\" height=\"50\" srcset=\"https:\/\/ccla.org\/wp-content\/uploads\/2026\/01\/HowardSagers_sig-300x65.jpg 300w, https:\/\/ccla.org\/wp-content\/uploads\/2026\/01\/HowardSagers_sig-18x4.jpg 18w, https:\/\/ccla.org\/wp-content\/uploads\/2026\/01\/HowardSagers_sig.jpg 432w\" sizes=\"auto, (max-width: 231px) 100vw, 231px\" \/><\/p>\n<p>Howard Sapers<br \/>\nDirecteur ex\u00e9cutif<br \/>\nAssociation canadienne des libert\u00e9s civiles<\/p>\n<p>&nbsp;<\/p>\n<p>P.S. La rupture est r\u00e9elle ; notre r\u00e9ponse doit \u00eatre fond\u00e9e sur des principes. Votre soutien aujourd'hui permet de maintenir les libert\u00e9s civiles au centre des choix du Canada.<\/p>\n\t<\/div>\n<\/div>\n\n\n\n<a class=\"nectar-button large regular extra-color-1  regular-button\"  role=\"button\" style=\"\" target=\"_blank\" href=\"http:\/\/secure.ccla.org\/page\/173766\/donate\/1?_ga=2.176276833.512191057.1769035544-1662279601.1769035544\" data-color-override=\"false\" data-hover-color-override=\"false\" data-hover-text-color-override=\"#fff\"><span>Faire un don<\/span><\/a>\n\t\t\t<\/div> \n\t\t<\/div>\n\t<\/div> \n<\/div><\/div>\n\t\t<div id=\"fws_69f734c3bfee4\"  data-column-margin=\"default\" data-midnight=\"dark\"  class=\"wpb_row vc_row-fluid vc_row\"  style=\"padding-top: 0px; padding-bottom: 0px; \"><div class=\"row-bg-wrap\" data-bg-animation=\"none\" data-bg-animation-delay=\"\" data-bg-overlay=\"false\"><div class=\"inner-wrap row-bg-layer\" ><div class=\"row-bg viewport-desktop\"  style=\"\"><\/div><\/div><\/div><div class=\"row_col_wrap_12 col span_12 dark left\">\n\t<div  class=\"vc_col-sm-12 wpb_column column_container vc_column_container col no-extra-padding inherit_tablet inherit_phone\"  data-padding-pos=\"all\" data-has-bg-color=\"false\" data-bg-color=\"\" data-bg-opacity=\"1\" data-animation=\"\" data-delay=\"0\" >\n\t\t<div class=\"vc_column-inner\" >\n\t\t\t<div class=\"wpb_wrapper\">\n\t\t\t\t\n\t\t<div id=\"fws_69f734c3c029c\"  data-column-margin=\"default\" data-midnight=\"dark\" data-top-percent=\"1%\" data-bottom-percent=\"1%\"  class=\"wpb_row vc_row-fluid vc_row\"  style=\"padding-top: calc(100vw * 0.01); padding-bottom: calc(100vw * 0.01); \"><div class=\"row-bg-wrap\" data-bg-animation=\"none\" data-bg-animation-delay=\"\" data-bg-overlay=\"false\"><div class=\"inner-wrap row-bg-layer\" ><div class=\"row-bg viewport-desktop\"  style=\"\"><\/div><\/div><\/div><div class=\"row_col_wrap_12 col span_12 dark left\">\n\t<div  class=\"vc_col-sm-12 wpb_column column_container vc_column_container col no-extra-padding inherit_tablet inherit_phone\"  data-padding-pos=\"all\" data-has-bg-color=\"false\" data-bg-color=\"\" data-bg-opacity=\"1\" data-animation=\"\" data-delay=\"0\" >\n\t\t<div class=\"vc_column-inner\" >\n\t\t\t<div class=\"wpb_wrapper\">\n\t\t\t\t<h3 style=\"color: #ef770e;text-align: left\" class=\"vc_custom_heading vc_do_custom_heading\" >\u00c0 propos de l\u2019association canadienne sur les libert\u00e9s civiles<\/h3>\n<div class=\"wpb_text_column wpb_content_element\" >\n\t<div class=\"wpb_wrapper\">\n\t\t<p class=\"translation-block\">L\u2019ACLC est un organisme ind\u00e9pendant \u00e0 but non lucratif qui compte des sympathisant.e.s dans tout le pays. Fond\u00e9 en 1964, c\u2019est un organisme qui \u0153uvre \u00e0 l\u2019\u00e9chelle du Canada \u00e0 la protection des droits et des libert\u00e9s civiles de toute sa population.<\/p>\n\t<\/div>\n<\/div>\n\n\n\n<h3 style=\"color: #ef770e;text-align: left\" class=\"vc_custom_heading vc_do_custom_heading\" >Pour les m\u00e9dias<\/h3>\n<div class=\"wpb_text_column wpb_content_element\" >\n\t<div class=\"wpb_wrapper\">\n\t\t<p>Pour d&#039;autres commentaires, veuillez nous contacter \u00e0\u00a0<a href=\"mailto:media@ccla.org\"><u>media@ccla.org<\/u><\/a>.<\/p>\n\t<\/div>\n<\/div>\n\n\n\n<h3 style=\"color: #ef770e;text-align: left\" class=\"vc_custom_heading vc_do_custom_heading\" >Pour les mises \u00e0 jour en direct<\/h3>\n<div class=\"wpb_text_column wpb_content_element\" >\n\t<div class=\"wpb_wrapper\">\n\t\t<p>Veuillez continuer \u00e0 vous r\u00e9f\u00e9rer \u00e0\u00a0<a href=\"https:\/\/ccla.org\/fr\/the-latest\/\" rel=\"noopener\">cette page<\/a>\u00a0et \u00e0 nos plateformes de m\u00e9dias sociaux. On est dessus\u00a0<a href=\"https:\/\/www.instagram.com\/cancivlib\/?hl=en\" target=\"_blank\" rel=\"noopener\"><u>Instagram<\/u><\/a>,\u00a0<a href=\"http:\/\/facebook.com\/cancivlib\/\" target=\"_blank\" rel=\"noopener\"><u>Facebook<\/u><\/a>, <a href=\"https:\/\/twitter.com\/cancivlib\" target=\"_blank\" rel=\"noopener\"><u>Twitter<\/u><\/a> et <a href=\"https:\/\/bsky.app\/profile\/cancivlib.bsky.social\" target=\"_blank\" rel=\"noopener\"><u>Ciel bleu<\/u><\/a>.<\/p>\n\t<\/div>\n<\/div>\n\n\n\n\n\t\t\t<\/div> \n\t\t<\/div>\n\t<\/div> \n<\/div><\/div>\n\n\t\t\t<\/div> \n\t\t<\/div>\n\t<\/div> \n<\/div><\/div>","protected":false},"excerpt":{"rendered":"<p>Le Canada est confront\u00e9 \u00e0 un moment d\u00e9cisif : Le Premier ministre Mark Carney a averti \u00e0 Davos le 20 janvier 2026 que nous sommes \"au milieu d'une rupture\" dans l'ordre international fond\u00e9 sur des r\u00e8gles, et l'Association canadienne des libert\u00e9s civiles (ACLC) est n\u00e9cessaire de toute urgence pour s'assurer que nos libert\u00e9s civiles et les libert\u00e9s prot\u00e9g\u00e9es par la Charte ne sont pas sacrifi\u00e9es \u00e0 la s\u00e9curit\u00e9 \u00e0 court terme ou aux pressions \u00e9conomiques.<\/p>","protected":false},"author":4,"featured_media":11532,"comment_status":"closed","ping_status":"closed","sticky":false,"template":"","format":"standard","meta":{"footnotes":""},"categories":[159,67,8,160],"tags":[],"class_list":{"0":"post-11528","1":"post","2":"type-post","3":"status-publish","4":"format-standard","5":"has-post-thumbnail","7":"category-donate","8":"category-in-the-news","9":"category-press-release","10":"category-take-action"},"yoast_head":"<!-- This site is optimized with the Yoast SEO plugin v24.7 - https:\/\/yoast.com\/wordpress\/plugins\/seo\/ -->\n<title>Canada faces a defining moment: - CCLA<\/title>\n<meta name=\"description\" content=\"Canada faces a defining moment: Prime Minister Mark Carney warned at Davos on 20 January 2026 that we are \u201cin the midst of a rupture\u201d in the rules based international order, and the Canadian Civil Liberties Association (CCLA) is urgently needed to ensure our civil liberties and Charter protected freedoms are not sacrificed to short term security or economic pressures.\" \/>\n<meta name=\"robots\" content=\"index, follow, max-snippet:-1, max-image-preview:large, max-video-preview:-1\" \/>\n<link rel=\"canonical\" href=\"https:\/\/ccla.org\/fr\/dans-lactualite\/canada-faces-a-defining-moment\/\" \/>\n<meta property=\"og:locale\" content=\"fr_CA\" \/>\n<meta property=\"og:type\" content=\"article\" \/>\n<meta property=\"og:title\" content=\"Canada faces a defining moment: - CCLA\" \/>\n<meta property=\"og:description\" content=\"Canada faces a defining moment: Prime Minister Mark Carney warned at Davos on 20 January 2026 that we are \u201cin the midst of a rupture\u201d in the rules based international order, and the Canadian Civil Liberties Association (CCLA) is urgently needed to ensure our civil liberties and Charter protected freedoms are not sacrificed to short term security or economic pressures.\" \/>\n<meta property=\"og:url\" content=\"https:\/\/ccla.org\/fr\/dans-lactualite\/canada-faces-a-defining-moment\/\" \/>\n<meta property=\"og:site_name\" content=\"CCLA\" \/>\n<meta property=\"article:published_time\" content=\"2026-01-21T22:56:03+00:00\" \/>\n<meta property=\"article:modified_time\" content=\"2026-01-22T15:10:20+00:00\" \/>\n<meta property=\"og:image\" content=\"https:\/\/ccla.org\/wp-content\/uploads\/2026\/01\/NorthernHemisphere.jpg\" \/>\n\t<meta property=\"og:image:width\" content=\"1980\" \/>\n\t<meta property=\"og:image:height\" content=\"1200\" \/>\n\t<meta property=\"og:image:type\" content=\"image\/jpeg\" \/>\n<meta name=\"author\" content=\"CCLA\" \/>\n<meta name=\"twitter:card\" content=\"summary_large_image\" \/>\n<meta name=\"twitter:label1\" content=\"\u00c9crit par\" \/>\n\t<meta name=\"twitter:data1\" content=\"CCLA\" \/>\n\t<meta name=\"twitter:label2\" content=\"Estimation du temps de lecture\" \/>\n\t<meta name=\"twitter:data2\" content=\"4 minutes\" \/>\n<script type=\"application\/ld+json\" class=\"yoast-schema-graph\">{\"@context\":\"https:\/\/schema.org\",\"@graph\":[{\"@type\":\"WebPage\",\"@id\":\"https:\/\/ccla.org\/in-the-news\/canada-faces-a-defining-moment\/\",\"url\":\"https:\/\/ccla.org\/in-the-news\/canada-faces-a-defining-moment\/\",\"name\":\"Canada faces a defining moment: - CCLA\",\"isPartOf\":{\"@id\":\"https:\/\/ccla.org\/#website\"},\"primaryImageOfPage\":{\"@id\":\"https:\/\/ccla.org\/in-the-news\/canada-faces-a-defining-moment\/#primaryimage\"},\"image\":{\"@id\":\"https:\/\/ccla.org\/in-the-news\/canada-faces-a-defining-moment\/#primaryimage\"},\"thumbnailUrl\":\"https:\/\/ccla.org\/wp-content\/uploads\/2026\/01\/NorthernHemisphere.jpg\",\"datePublished\":\"2026-01-21T22:56:03+00:00\",\"dateModified\":\"2026-01-22T15:10:20+00:00\",\"author\":{\"@id\":\"https:\/\/ccla.org\/#\/schema\/person\/8340210ad747e50e21e040b101a55d8d\"},\"description\":\"Canada faces a defining moment: Prime Minister Mark Carney warned at Davos on 20 January 2026 that we are \u201cin the midst of a rupture\u201d in the rules based international order, and the Canadian Civil Liberties Association (CCLA) is urgently needed to ensure our civil liberties and Charter protected freedoms are not sacrificed to short term security or economic pressures.\",\"breadcrumb\":{\"@id\":\"https:\/\/ccla.org\/in-the-news\/canada-faces-a-defining-moment\/#breadcrumb\"},\"inLanguage\":\"fr-CA\",\"potentialAction\":[{\"@type\":\"ReadAction\",\"target\":[\"https:\/\/ccla.org\/in-the-news\/canada-faces-a-defining-moment\/\"]}]},{\"@type\":\"ImageObject\",\"inLanguage\":\"fr-CA\",\"@id\":\"https:\/\/ccla.org\/in-the-news\/canada-faces-a-defining-moment\/#primaryimage\",\"url\":\"https:\/\/ccla.org\/wp-content\/uploads\/2026\/01\/NorthernHemisphere.jpg\",\"contentUrl\":\"https:\/\/ccla.org\/wp-content\/uploads\/2026\/01\/NorthernHemisphere.jpg\",\"width\":1980,\"height\":1200},{\"@type\":\"BreadcrumbList\",\"@id\":\"https:\/\/ccla.org\/in-the-news\/canada-faces-a-defining-moment\/#breadcrumb\",\"itemListElement\":[{\"@type\":\"ListItem\",\"position\":1,\"name\":\"Home\",\"item\":\"https:\/\/ccla.org\/\"},{\"@type\":\"ListItem\",\"position\":2,\"name\":\"IN THE NEWS\",\"item\":\"https:\/\/ccla.org\/category\/in-the-news\/\"},{\"@type\":\"ListItem\",\"position\":3,\"name\":\"Canada faces a defining moment:\"}]},{\"@type\":\"WebSite\",\"@id\":\"https:\/\/ccla.org\/#website\",\"url\":\"https:\/\/ccla.org\/\",\"name\":\"CCLA\",\"description\":\"\",\"potentialAction\":[{\"@type\":\"SearchAction\",\"target\":{\"@type\":\"EntryPoint\",\"urlTemplate\":\"https:\/\/ccla.org\/?s={search_term_string}\"},\"query-input\":{\"@type\":\"PropertyValueSpecification\",\"valueRequired\":true,\"valueName\":\"search_term_string\"}}],\"inLanguage\":\"fr-CA\"},{\"@type\":\"Person\",\"@id\":\"https:\/\/ccla.org\/#\/schema\/person\/8340210ad747e50e21e040b101a55d8d\",\"name\":\"CCLA\",\"image\":{\"@type\":\"ImageObject\",\"inLanguage\":\"fr-CA\",\"@id\":\"https:\/\/ccla.org\/#\/schema\/person\/image\/\",\"url\":\"https:\/\/secure.gravatar.com\/avatar\/8b870059ce8f35a3967c509e5d35c55a?s=96&d=blank&r=g\",\"contentUrl\":\"https:\/\/secure.gravatar.com\/avatar\/8b870059ce8f35a3967c509e5d35c55a?s=96&d=blank&r=g\",\"caption\":\"CCLA\"},\"url\":\"https:\/\/ccla.org\/fr\/author\/ccla\/\"}]}<\/script>\n<!-- \/ Yoast SEO plugin. -->","yoast_head_json":{"title":"Canada faces a defining moment: - CCLA","description":"Canada faces a defining moment: Prime Minister Mark Carney warned at Davos on 20 January 2026 that we are \u201cin the midst of a rupture\u201d in the rules based international order, and the Canadian Civil Liberties Association (CCLA) is urgently needed to ensure our civil liberties and Charter protected freedoms are not sacrificed to short term security or economic pressures.","robots":{"index":"index","follow":"follow","max-snippet":"max-snippet:-1","max-image-preview":"max-image-preview:large","max-video-preview":"max-video-preview:-1"},"canonical":"https:\/\/ccla.org\/fr\/dans-lactualite\/canada-faces-a-defining-moment\/","og_locale":"fr_CA","og_type":"article","og_title":"Canada faces a defining moment: - CCLA","og_description":"Canada faces a defining moment: Prime Minister Mark Carney warned at Davos on 20 January 2026 that we are \u201cin the midst of a rupture\u201d in the rules based international order, and the Canadian Civil Liberties Association (CCLA) is urgently needed to ensure our civil liberties and Charter protected freedoms are not sacrificed to short term security or economic pressures.","og_url":"https:\/\/ccla.org\/fr\/dans-lactualite\/canada-faces-a-defining-moment\/","og_site_name":"CCLA","article_published_time":"2026-01-21T22:56:03+00:00","article_modified_time":"2026-01-22T15:10:20+00:00","og_image":[{"width":1980,"height":1200,"url":"https:\/\/ccla.org\/wp-content\/uploads\/2026\/01\/NorthernHemisphere.jpg","type":"image\/jpeg"}],"author":"CCLA","twitter_card":"summary_large_image","twitter_misc":{"\u00c9crit par":"CCLA","Estimation du temps de lecture":"4 minutes"},"schema":{"@context":"https:\/\/schema.org","@graph":[{"@type":"WebPage","@id":"https:\/\/ccla.org\/in-the-news\/canada-faces-a-defining-moment\/","url":"https:\/\/ccla.org\/in-the-news\/canada-faces-a-defining-moment\/","name":"Canada faces a defining moment: - CCLA","isPartOf":{"@id":"https:\/\/ccla.org\/#website"},"primaryImageOfPage":{"@id":"https:\/\/ccla.org\/in-the-news\/canada-faces-a-defining-moment\/#primaryimage"},"image":{"@id":"https:\/\/ccla.org\/in-the-news\/canada-faces-a-defining-moment\/#primaryimage"},"thumbnailUrl":"https:\/\/ccla.org\/wp-content\/uploads\/2026\/01\/NorthernHemisphere.jpg","datePublished":"2026-01-21T22:56:03+00:00","dateModified":"2026-01-22T15:10:20+00:00","author":{"@id":"https:\/\/ccla.org\/#\/schema\/person\/8340210ad747e50e21e040b101a55d8d"},"description":"Canada faces a defining moment: Prime Minister Mark Carney warned at Davos on 20 January 2026 that we are \u201cin the midst of a rupture\u201d in the rules based international order, and the Canadian Civil Liberties Association (CCLA) is urgently needed to ensure our civil liberties and Charter protected freedoms are not sacrificed to short term security or economic pressures.","breadcrumb":{"@id":"https:\/\/ccla.org\/in-the-news\/canada-faces-a-defining-moment\/#breadcrumb"},"inLanguage":"fr-CA","potentialAction":[{"@type":"ReadAction","target":["https:\/\/ccla.org\/in-the-news\/canada-faces-a-defining-moment\/"]}]},{"@type":"ImageObject","inLanguage":"fr-CA","@id":"https:\/\/ccla.org\/in-the-news\/canada-faces-a-defining-moment\/#primaryimage","url":"https:\/\/ccla.org\/wp-content\/uploads\/2026\/01\/NorthernHemisphere.jpg","contentUrl":"https:\/\/ccla.org\/wp-content\/uploads\/2026\/01\/NorthernHemisphere.jpg","width":1980,"height":1200},{"@type":"BreadcrumbList","@id":"https:\/\/ccla.org\/in-the-news\/canada-faces-a-defining-moment\/#breadcrumb","itemListElement":[{"@type":"ListItem","position":1,"name":"Home","item":"https:\/\/ccla.org\/"},{"@type":"ListItem","position":2,"name":"IN THE NEWS","item":"https:\/\/ccla.org\/category\/in-the-news\/"},{"@type":"ListItem","position":3,"name":"Canada faces a defining moment:"}]},{"@type":"WebSite","@id":"https:\/\/ccla.org\/#website","url":"https:\/\/ccla.org\/","name":"CCLA","description":"","potentialAction":[{"@type":"SearchAction","target":{"@type":"EntryPoint","urlTemplate":"https:\/\/ccla.org\/?s={search_term_string}"},"query-input":{"@type":"PropertyValueSpecification","valueRequired":true,"valueName":"search_term_string"}}],"inLanguage":"fr-CA"},{"@type":"Person","@id":"https:\/\/ccla.org\/#\/schema\/person\/8340210ad747e50e21e040b101a55d8d","name":"CCLA","image":{"@type":"ImageObject","inLanguage":"fr-CA","@id":"https:\/\/ccla.org\/#\/schema\/person\/image\/","url":"https:\/\/secure.gravatar.com\/avatar\/8b870059ce8f35a3967c509e5d35c55a?s=96&d=blank&r=g","contentUrl":"https:\/\/secure.gravatar.com\/avatar\/8b870059ce8f35a3967c509e5d35c55a?s=96&d=blank&r=g","caption":"CCLA"},"url":"https:\/\/ccla.org\/fr\/author\/ccla\/"}]}},"_links":{"self":[{"href":"https:\/\/ccla.org\/fr\/wp-json\/wp\/v2\/posts\/11528","targetHints":{"allow":["GET"]}}],"collection":[{"href":"https:\/\/ccla.org\/fr\/wp-json\/wp\/v2\/posts"}],"about":[{"href":"https:\/\/ccla.org\/fr\/wp-json\/wp\/v2\/types\/post"}],"author":[{"embeddable":true,"href":"https:\/\/ccla.org\/fr\/wp-json\/wp\/v2\/users\/4"}],"replies":[{"embeddable":true,"href":"https:\/\/ccla.org\/fr\/wp-json\/wp\/v2\/comments?post=11528"}],"version-history":[{"count":6,"href":"https:\/\/ccla.org\/fr\/wp-json\/wp\/v2\/posts\/11528\/revisions"}],"predecessor-version":[{"id":11536,"href":"https:\/\/ccla.org\/fr\/wp-json\/wp\/v2\/posts\/11528\/revisions\/11536"}],"wp:featuredmedia":[{"embeddable":true,"href":"https:\/\/ccla.org\/fr\/wp-json\/wp\/v2\/media\/11532"}],"wp:attachment":[{"href":"https:\/\/ccla.org\/fr\/wp-json\/wp\/v2\/media?parent=11528"}],"wp:term":[{"taxonomy":"category","embeddable":true,"href":"https:\/\/ccla.org\/fr\/wp-json\/wp\/v2\/categories?post=11528"},{"taxonomy":"post_tag","embeddable":true,"href":"https:\/\/ccla.org\/fr\/wp-json\/wp\/v2\/tags?post=11528"}],"curies":[{"name":"wp","href":"https:\/\/api.w.org\/{rel}","templated":true}]}}